{"id":233321,"date":"2022-10-10T14:43:37","date_gmt":"2022-10-10T19:43:37","guid":{"rendered":"https:\/\/plazajuarez.mx\/?p=233321"},"modified":"2022-10-10T14:43:42","modified_gmt":"2022-10-10T19:43:42","slug":"durango_parral","status":"publish","type":"post","link":"https:\/\/plazajuarez.mx\/historico\/durango_parral\/","title":{"rendered":"Accidente en carretera Durango-Parral deja 10 muertos"},"content":{"rendered":"\n<p>Un accidente ocurrido en la carretera Durango-Parral, a la altura del municipio de Canatl\u00e1n, dej\u00f3 10 personas muertas, entre ellas cinco menos de edad.<\/p>\n\n\n\n<p>La Fiscal\u00eda General de Durango inform\u00f3 que el accidente automovil\u00edstico sucedi\u00f3 en el kil\u00f3metro 53+800 de la carretera Durango-Parral, donde se impactaron de frente una camioneta Ford de la l\u00ednea Lobo, de color negro, tipo pick up, y una Chevrolet S-10, de color rojo.<\/p>\n\n\n\n<p>En un primer momento nueve personas quedaron sin vida en el lugar y una m\u00e1s falleci\u00f3 horas despu\u00e9s cuando recib\u00eda atenci\u00f3n m\u00e9dica. Se detall\u00f3 que dos personas se encuentran hospitalizadas.<\/p>\n\n\n\n<p>Los hechos ocurrieron a las 21:00 horas de este domingo, cuando se recibi\u00f3 el reporte por parte de Protecci\u00f3n Civil de Canatl\u00e1n; al lugar llegaron las corporaciones de emergencias para auxiliar a las v\u00edctimas y trasladar a la cl\u00ednica No. 1 del IMSS a un menor de 11 a\u00f1os de edad.<\/p>\n\n\n\n<p>Las personas fallecidas son originarias de los municipios de San Juan del R\u00edo, Rodeo y Durango.<\/p>\n","protected":false},"excerpt":{"rendered":"<p>Un accidente ocurrido en la carretera Durango-Parral, a la altura del municipio de Canatl\u00e1n, dej\u00f3 10 personas muertas, entre ellas cinco menos de edad. La Fiscal\u00eda General de Durango inform\u00f3 que el accidente automovil\u00edstico sucedi\u00f3 en el kil\u00f3metro 53+800 de la carretera Durango-Parral, donde se impactaron de frente una camioneta Ford de la l\u00ednea Lobo, [&hellip;]<\/p>\n","protected":false},"author":81,"featured_media":233322,"comment_status":"closed","ping_status":"closed","sticky":false,"template":"","format":"standard","meta":{"footnotes":""},"categories":[15,36],"tags":[],"class_list":["post-233321","post","type-post","status-publish","format-standard","has-post-thumbnail","hentry","category-destacadas","category-nacion"],"_links":{"self":[{"href":"https:\/\/plazajuarez.mx\/historico\/wp-json\/wp\/v2\/posts\/233321","targetHints":{"allow":["GET"]}}],"collection":[{"href":"https:\/\/plazajuarez.mx\/historico\/wp-json\/wp\/v2\/posts"}],"about":[{"href":"https:\/\/plazajuarez.mx\/historico\/wp-json\/wp\/v2\/types\/post"}],"author":[{"embeddable":true,"href":"https:\/\/plazajuarez.mx\/historico\/wp-json\/wp\/v2\/users\/81"}],"replies":[{"embeddable":true,"href":"https:\/\/plazajuarez.mx\/historico\/wp-json\/wp\/v2\/comments?post=233321"}],"version-history":[{"count":0,"href":"https:\/\/plazajuarez.mx\/historico\/wp-json\/wp\/v2\/posts\/233321\/revisions"}],"wp:featuredmedia":[{"embeddable":true,"href":"https:\/\/plazajuarez.mx\/historico\/wp-json\/wp\/v2\/media\/233322"}],"wp:attachment":[{"href":"https:\/\/plazajuarez.mx\/historico\/wp-json\/wp\/v2\/media?parent=233321"}],"wp:term":[{"taxonomy":"category","embeddable":true,"href":"https:\/\/plazajuarez.mx\/historico\/wp-json\/wp\/v2\/categories?post=233321"},{"taxonomy":"post_tag","embeddable":true,"href":"https:\/\/plazajuarez.mx\/historico\/wp-json\/wp\/v2\/tags?post=233321"}],"curies":[{"name":"wp","href":"https:\/\/api.w.org\/{rel}","templated":true}]}}