{"id":233316,"date":"2022-10-10T14:30:14","date_gmt":"2022-10-10T19:30:14","guid":{"rendered":"https:\/\/plazajuarez.mx\/?p=233316"},"modified":"2022-10-10T14:32:40","modified_gmt":"2022-10-10T19:32:40","slug":"ex_palacio","status":"publish","type":"post","link":"https:\/\/plazajuarez.mx\/historico\/ex_palacio\/","title":{"rendered":"Exgobernador de Hidalgo se re\u00fane con AMLO en Palacio Nacional"},"content":{"rendered":"\n<p> A poco m\u00e1s de mes de haber dejado el cargo, Omar Fayad (PRI), exgobernador de Hidalgo, se reuni\u00f3 esta ma\u00f1ana de lunes con el presidente Andr\u00e9s Manuel L\u00f3pez Obrador en Palacio Nacional.<\/p>\n\n\n\n<p>El exmandatario estatal se retir\u00f3 a las 12:11 horas sin dar declaraciones.<\/p>\n\n\n\n<p>Se desconoce al momento el motivo de este encuentro.<\/p>\n\n\n\n<p>El presidente L\u00f3pez Obrador ha sumado a su gobierno al exgobernador de Sinaloa, Quirino Ordaz (PRI) como embajador de M\u00e9xico en Espa\u00f1a, a la ex gobernadora de Sonora Claudia Pavlovich (PRI), a quien nombr\u00f3 c\u00f3nsul de M\u00e9xico en Barcelona, as\u00ed como al exgobernador de Campeche, Carlos Miguel Aysa (PRI), embajador en Rep\u00fablica Dominicana.<\/p>\n\n\n\n<p>Hace un par de semanas, el presidente L\u00f3pez Obrador anunci\u00f3 que el exgobernador de Quintana Roo, Carlos Joaqu\u00edn (PAN-PRD) ser\u00e1 el nuevo embajador de M\u00e9xico en Canad\u00e1.<\/p>\n","protected":false},"excerpt":{"rendered":"<p>A poco m\u00e1s de mes de haber dejado el cargo, Omar Fayad (PRI), exgobernador de Hidalgo, se reuni\u00f3 esta ma\u00f1ana de lunes con el presidente Andr\u00e9s Manuel L\u00f3pez Obrador en Palacio Nacional. El exmandatario estatal se retir\u00f3 a las 12:11 horas sin dar declaraciones. Se desconoce al momento el motivo de este encuentro. El presidente [&hellip;]<\/p>\n","protected":false},"author":81,"featured_media":232088,"comment_status":"closed","ping_status":"closed","sticky":false,"template":"","format":"standard","meta":{"footnotes":""},"categories":[15,36,2159],"tags":[],"class_list":["post-233316","post","type-post","status-publish","format-standard","has-post-thumbnail","hentry","category-destacadas","category-nacion","category-noticias-de-hidalgo"],"_links":{"self":[{"href":"https:\/\/plazajuarez.mx\/historico\/wp-json\/wp\/v2\/posts\/233316","targetHints":{"allow":["GET"]}}],"collection":[{"href":"https:\/\/plazajuarez.mx\/historico\/wp-json\/wp\/v2\/posts"}],"about":[{"href":"https:\/\/plazajuarez.mx\/historico\/wp-json\/wp\/v2\/types\/post"}],"author":[{"embeddable":true,"href":"https:\/\/plazajuarez.mx\/historico\/wp-json\/wp\/v2\/users\/81"}],"replies":[{"embeddable":true,"href":"https:\/\/plazajuarez.mx\/historico\/wp-json\/wp\/v2\/comments?post=233316"}],"version-history":[{"count":0,"href":"https:\/\/plazajuarez.mx\/historico\/wp-json\/wp\/v2\/posts\/233316\/revisions"}],"wp:featuredmedia":[{"embeddable":true,"href":"https:\/\/plazajuarez.mx\/historico\/wp-json\/wp\/v2\/media\/232088"}],"wp:attachment":[{"href":"https:\/\/plazajuarez.mx\/historico\/wp-json\/wp\/v2\/media?parent=233316"}],"wp:term":[{"taxonomy":"category","embeddable":true,"href":"https:\/\/plazajuarez.mx\/historico\/wp-json\/wp\/v2\/categories?post=233316"},{"taxonomy":"post_tag","embeddable":true,"href":"https:\/\/plazajuarez.mx\/historico\/wp-json\/wp\/v2\/tags?post=233316"}],"curies":[{"name":"wp","href":"https:\/\/api.w.org\/{rel}","templated":true}]}}