{"id":233313,"date":"2022-10-10T14:21:34","date_gmt":"2022-10-10T19:21:34","guid":{"rendered":"https:\/\/plazajuarez.mx\/?p=233313"},"modified":"2022-10-10T14:21:40","modified_gmt":"2022-10-10T19:21:40","slug":"ataud_palacio","status":"publish","type":"post","link":"https:\/\/plazajuarez.mx\/historico\/ataud_palacio\/","title":{"rendered":"Llevan ata\u00fad a Palacio Nacional para cumplir \u00faltimo deseo"},"content":{"rendered":"\n<p> Frente a Palacio Nacional, esta ma\u00f1ana un grupo de personas coloc\u00f3 un ata\u00fad, supuestamente con un cuerpo adentro de un hombre fallecido, y con el que exigen la liberaci\u00f3n de una persona recluida en Jilotepec, Estado de M\u00e9xico.<\/p>\n\n\n\n<p>Los manifestantes, quienes aseguraron ser de la agrupaci\u00f3n &#8220;Resistencia Civil Pacifica del Edomex&#8221;, informaron que &#8220;Poncho&#8221; sali\u00f3 hace un a\u00f1o del reclusorio acusado de un delito que no cometi\u00f3 y que hace alrededor de tres d\u00edas enferm\u00f3 y que su \u00faltimo deseo era participar en una manifestaci\u00f3n.<\/p>\n\n\n\n<p>\u00c1ngel Garc\u00eda, uno de los manifestantes, se\u00f1al\u00f3 que un hombre llamado Irving Garc\u00eda Su\u00e1rez \u2013 a quien llam\u00f3 preso pol\u00edtico \u2013 est\u00e1 recluido en el penal de Jilotepec y de quien exigen su libertad.<\/p>\n\n\n\n<p>&#8220;Hoy nuestro amigo Irving Garc\u00eda Su\u00e1rez es un preso pol\u00edtico m\u00e1s en Toluca, recluido en el penal de Jilotepec. Tenemos aqu\u00ed un cuerpo presente que tambi\u00e9n fue activista y su \u00faltimo deseo fue estar aqu\u00ed acompa\u00f1\u00e1ndonos en una manifestaci\u00f3n.<\/p>\n\n\n\n<p>&#8220;Esta persona que est\u00e1 hoy, su cuerpo presente, fue preso pol\u00edtico nueve a\u00f1os, estuvo injustamente encarcelado. Hace escasamente un a\u00f1o sali\u00f3 nuestro amigo y muri\u00f3; tiene dos tres d\u00edas que se puso muy enfermo y ya no pudo y su \u00faltimo deseo de nuestro amigo `Poncho\u00b4 fue participar en una acci\u00f3n donde hubiera gente donde se enterara la gente por qu\u00e9 estuvo preso pol\u00edtico, una fabricaci\u00f3n nueve a\u00f1os encarcelado y el d\u00eda que sali\u00f3 con un &#8220;disc\u00falpame&#8221; quisieron arreglarlo todo lo que le hab\u00edan destruido.<\/p>\n\n\n\n<p>&#8220;Aqu\u00ed estamos presentes exigiendo la libertad de un preso pol\u00edtico&#8221;, dijo.<\/p>\n\n\n\n<p>Los manifestantes informaron que personal de Atenci\u00f3n Ciudad de Presidencia salieron a conocer el caso.<\/p>\n","protected":false},"excerpt":{"rendered":"<p>Frente a Palacio Nacional, esta ma\u00f1ana un grupo de personas coloc\u00f3 un ata\u00fad, supuestamente con un cuerpo adentro de un hombre fallecido, y con el que exigen la liberaci\u00f3n de una persona recluida en Jilotepec, Estado de M\u00e9xico. Los manifestantes, quienes aseguraron ser de la agrupaci\u00f3n &#8220;Resistencia Civil Pacifica del Edomex&#8221;, informaron que &#8220;Poncho&#8221; sali\u00f3 [&hellip;]<\/p>\n","protected":false},"author":81,"featured_media":233314,"comment_status":"closed","ping_status":"closed","sticky":false,"template":"","format":"standard","meta":{"footnotes":""},"categories":[36,2160],"tags":[],"class_list":["post-233313","post","type-post","status-publish","format-standard","has-post-thumbnail","hentry","category-nacion","category-noticias-de-la-ciudad-de-mexico"],"_links":{"self":[{"href":"https:\/\/plazajuarez.mx\/historico\/wp-json\/wp\/v2\/posts\/233313","targetHints":{"allow":["GET"]}}],"collection":[{"href":"https:\/\/plazajuarez.mx\/historico\/wp-json\/wp\/v2\/posts"}],"about":[{"href":"https:\/\/plazajuarez.mx\/historico\/wp-json\/wp\/v2\/types\/post"}],"author":[{"embeddable":true,"href":"https:\/\/plazajuarez.mx\/historico\/wp-json\/wp\/v2\/users\/81"}],"replies":[{"embeddable":true,"href":"https:\/\/plazajuarez.mx\/historico\/wp-json\/wp\/v2\/comments?post=233313"}],"version-history":[{"count":0,"href":"https:\/\/plazajuarez.mx\/historico\/wp-json\/wp\/v2\/posts\/233313\/revisions"}],"wp:featuredmedia":[{"embeddable":true,"href":"https:\/\/plazajuarez.mx\/historico\/wp-json\/wp\/v2\/media\/233314"}],"wp:attachment":[{"href":"https:\/\/plazajuarez.mx\/historico\/wp-json\/wp\/v2\/media?parent=233313"}],"wp:term":[{"taxonomy":"category","embeddable":true,"href":"https:\/\/plazajuarez.mx\/historico\/wp-json\/wp\/v2\/categories?post=233313"},{"taxonomy":"post_tag","embeddable":true,"href":"https:\/\/plazajuarez.mx\/historico\/wp-json\/wp\/v2\/tags?post=233313"}],"curies":[{"name":"wp","href":"https:\/\/api.w.org\/{rel}","templated":true}]}}