{"id":233303,"date":"2022-10-10T13:38:56","date_gmt":"2022-10-10T18:38:56","guid":{"rendered":"https:\/\/plazajuarez.mx\/?p=233303"},"modified":"2022-10-10T18:00:05","modified_gmt":"2022-10-10T23:00:05","slug":"mexico_tuxpan","status":"publish","type":"post","link":"https:\/\/plazajuarez.mx\/historico\/mexico_tuxpan\/","title":{"rendered":"Accidente deja siete muertos en autopista M\u00e9xico-Tuxpan"},"content":{"rendered":"\n<p>Siete personas murieron en un accidente automovil\u00edstico registrado la noche de ayer sobre la autopista M\u00e9xico-Tuxpan, a la altura del municipio poblano de Huauchinango.<\/p>\n\n\n\n<p>Los reportes policiales revelaron que en el accidente se vieron involucrados un cami\u00f3n de carga y un auto particular, los cuales se incendiaron.<\/p>\n\n\n\n<iframe loading=\"lazy\" src=\"https:\/\/www.facebook.com\/plugins\/video.php?height=476&#038;href=https%3A%2F%2Fwww.facebook.com%2Fdiarioplazajuarez%2Fvideos%2F3337430809917481%2F&#038;show_text=false&#038;width=267&#038;t=0\" width=\"267\" height=\"476\" style=\"border:none;overflow:hidden\" scrolling=\"no\" frameborder=\"0\" allowfullscreen=\"true\" allow=\"autoplay; clipboard-write; encrypted-media; picture-in-picture; web-share\" allowFullScreen=\"true\"><\/iframe>\n\n\n\n<p>Fue a la altura de la comunidad de Cuacuila, donde el cami\u00f3n de carga se impact\u00f3 contra un veh\u00edculo Volkswagen Jetta.<\/p>\n\n\n\n<p>En el sitio murieron calcinados seis ocupantes, entre ellos un ni\u00f1o del auto particular, y el ch\u00f3fer de la pesada unidad.<\/p>\n\n\n\n<p>Al sitio acudieron elementos de distintas corporaciones de auxilio, as\u00ed como agentes de la Fiscal\u00eda General del Estado para el levantamiento de los cuerpos y el inicio de las investigaciones.<\/p>\n","protected":false},"excerpt":{"rendered":"<p>Siete personas murieron en un accidente automovil\u00edstico registrado la noche de ayer sobre la autopista M\u00e9xico-Tuxpan, a la altura del municipio poblano de Huauchinango. Los reportes policiales revelaron que en el accidente se vieron involucrados un cami\u00f3n de carga y un auto particular, los cuales se incendiaron. Fue a la altura de la comunidad de [&hellip;]<\/p>\n","protected":false},"author":81,"featured_media":233304,"comment_status":"closed","ping_status":"closed","sticky":false,"template":"","format":"standard","meta":{"footnotes":""},"categories":[15,36],"tags":[],"class_list":["post-233303","post","type-post","status-publish","format-standard","has-post-thumbnail","hentry","category-destacadas","category-nacion"],"_links":{"self":[{"href":"https:\/\/plazajuarez.mx\/historico\/wp-json\/wp\/v2\/posts\/233303","targetHints":{"allow":["GET"]}}],"collection":[{"href":"https:\/\/plazajuarez.mx\/historico\/wp-json\/wp\/v2\/posts"}],"about":[{"href":"https:\/\/plazajuarez.mx\/historico\/wp-json\/wp\/v2\/types\/post"}],"author":[{"embeddable":true,"href":"https:\/\/plazajuarez.mx\/historico\/wp-json\/wp\/v2\/users\/81"}],"replies":[{"embeddable":true,"href":"https:\/\/plazajuarez.mx\/historico\/wp-json\/wp\/v2\/comments?post=233303"}],"version-history":[{"count":0,"href":"https:\/\/plazajuarez.mx\/historico\/wp-json\/wp\/v2\/posts\/233303\/revisions"}],"wp:featuredmedia":[{"embeddable":true,"href":"https:\/\/plazajuarez.mx\/historico\/wp-json\/wp\/v2\/media\/233304"}],"wp:attachment":[{"href":"https:\/\/plazajuarez.mx\/historico\/wp-json\/wp\/v2\/media?parent=233303"}],"wp:term":[{"taxonomy":"category","embeddable":true,"href":"https:\/\/plazajuarez.mx\/historico\/wp-json\/wp\/v2\/categories?post=233303"},{"taxonomy":"post_tag","embeddable":true,"href":"https:\/\/plazajuarez.mx\/historico\/wp-json\/wp\/v2\/tags?post=233303"}],"curies":[{"name":"wp","href":"https:\/\/api.w.org\/{rel}","templated":true}]}}