{"id":233295,"date":"2022-10-10T11:20:15","date_gmt":"2022-10-10T16:20:15","guid":{"rendered":"https:\/\/plazajuarez.mx\/?p=233295"},"modified":"2022-10-10T11:20:20","modified_gmt":"2022-10-10T16:20:20","slug":"acuerdo-espacial","status":"publish","type":"post","link":"https:\/\/plazajuarez.mx\/historico\/acuerdo-espacial\/","title":{"rendered":"Reitera AMLO que acuerdo espacial con Rusia no se trata de espionaje"},"content":{"rendered":"\n<p>El presidente de M\u00e9xico, Andr\u00e9s Manuel L\u00f3pez Obrador, reiter\u00f3 este lunes que existe un acuerdo espacial entre su gobierno y Rusia, el cual fue firmado desde septiembre del a\u00f1o pasado, pero neg\u00f3 que esto vaya a utilizarse para espionaje.<\/p>\n\n\n\n<p>\u201cSe est\u00e1 haciendo un esc\u00e1ndalo porque se habla que M\u00e9xico est\u00e1 permitiendo que sat\u00e9lites rusos puedan ser utilizados para el espacio a\u00e9reo mexicano y Am\u00e9rica del norte. Lo cierto es que estos acuerdos se firman con todos los pa\u00edses y no tienen el prop\u00f3sito de espiar a nadie ni de afectar la soberan\u00eda de esta naci\u00f3n\u201d, afirm\u00f3 el mandatario durante su rueda de prensa matutina desde el Palacio Nacional.<\/p>\n\n\n\n<p>L\u00f3pez Obrador se refiri\u00f3 as\u00ed a la informaci\u00f3n sobre un documento publicado en el portal oficial de informaci\u00f3n legal del Gobierno ruso, en donde el presidente Vlad\u00edmir Putin ratific\u00f3 el acuerdo intergubernamental entre Rusia y M\u00e9xico sobre la cooperaci\u00f3n en la investigaci\u00f3n del espacio con fines pac\u00edficos.<\/p>\n\n\n\n<p>Seg\u00fan la informaci\u00f3n, el acuerdo prev\u00e9, en particular, la instalaci\u00f3n de sistemas rusos Glonass y un sistema \u00f3ptico electr\u00f3nico de prevenci\u00f3n de situaciones peligrosas espaciales en M\u00e9xico.<\/p>\n\n\n\n<p>El s\u00e1bado, la Secretar\u00eda de Relaciones Exteriores de M\u00e9xico acept\u00f3 que el acuerdo existe, sin embargo, puntualiz\u00f3 que todav\u00eda no ha entrado en vigor y neg\u00f3 que esto contemple la instalaci\u00f3n de sistemas rusos de prevenci\u00f3n de situaciones peligrosas espaciales en el pa\u00eds.<\/p>\n\n\n\n<p>Adem\u00e1s apunt\u00f3 que este acuerdo se suma a otros suscritos con otras agencias espaciales de pa\u00edses como Argentina, Estados Unidos, Hungr\u00eda, Italia, Ucrania y Venezuela, adem\u00e1s de que est\u00e1n en proceso de negociaci\u00f3n acuerdos con Jap\u00f3n, China y la Agencia Espacial Europea.<\/p>\n\n\n\n<p>Este lunes, L\u00f3pez Obrador reiter\u00f3 que M\u00e9xico es neutral ante la guerra entre Rusia y Ucrania e incluso record\u00f3 que ha mandado una propuesta de paz a la Asamblea General de la Organizaci\u00f3n de las Naciones Unidas (ONU) el pasado mes de septiembre.<\/p>\n\n\n\n<p>\u201cA nosotros que no nos metan en sus asuntos M\u00e9xico tiene una pol\u00edtica de neutralidad y lo que queremos es una soluci\u00f3n pac\u00edfica a esa controversia como lo establece nuestra constituci\u00f3n\u201d, apunt\u00f3.<\/p>\n\n\n\n<p>Asimismo, augur\u00f3 que tras las pr\u00f3ximas elecciones de Estados Unidos, la situaci\u00f3n b\u00e9lica entre Rusia y Ucrania mejorar\u00e1.<\/p>\n\n\n\n<p>\u201cYo creo que las cosas van a mejorar mucho una vez que pasen las elecciones en Estados Unidos, tengo esa confianza (&#8230;) ojal\u00e1 y no escalen las agresiones y luego se serenen las cosas y se llegue a la paz\u201d, apunt\u00f3.<\/p>\n","protected":false},"excerpt":{"rendered":"<p>El presidente de M\u00e9xico, Andr\u00e9s Manuel L\u00f3pez Obrador, reiter\u00f3 este lunes que existe un acuerdo espacial entre su gobierno y Rusia, el cual fue firmado desde septiembre del a\u00f1o pasado, pero neg\u00f3 que esto vaya a utilizarse para espionaje. \u201cSe est\u00e1 haciendo un esc\u00e1ndalo porque se habla que M\u00e9xico est\u00e1 permitiendo que sat\u00e9lites rusos puedan [&hellip;]<\/p>\n","protected":false},"author":80,"featured_media":233296,"comment_status":"closed","ping_status":"closed","sticky":false,"template":"","format":"standard","meta":{"footnotes":""},"categories":[15,36],"tags":[],"class_list":["post-233295","post","type-post","status-publish","format-standard","has-post-thumbnail","hentry","category-destacadas","category-nacion"],"_links":{"self":[{"href":"https:\/\/plazajuarez.mx\/historico\/wp-json\/wp\/v2\/posts\/233295","targetHints":{"allow":["GET"]}}],"collection":[{"href":"https:\/\/plazajuarez.mx\/historico\/wp-json\/wp\/v2\/posts"}],"about":[{"href":"https:\/\/plazajuarez.mx\/historico\/wp-json\/wp\/v2\/types\/post"}],"author":[{"embeddable":true,"href":"https:\/\/plazajuarez.mx\/historico\/wp-json\/wp\/v2\/users\/80"}],"replies":[{"embeddable":true,"href":"https:\/\/plazajuarez.mx\/historico\/wp-json\/wp\/v2\/comments?post=233295"}],"version-history":[{"count":0,"href":"https:\/\/plazajuarez.mx\/historico\/wp-json\/wp\/v2\/posts\/233295\/revisions"}],"wp:featuredmedia":[{"embeddable":true,"href":"https:\/\/plazajuarez.mx\/historico\/wp-json\/wp\/v2\/media\/233296"}],"wp:attachment":[{"href":"https:\/\/plazajuarez.mx\/historico\/wp-json\/wp\/v2\/media?parent=233295"}],"wp:term":[{"taxonomy":"category","embeddable":true,"href":"https:\/\/plazajuarez.mx\/historico\/wp-json\/wp\/v2\/categories?post=233295"},{"taxonomy":"post_tag","embeddable":true,"href":"https:\/\/plazajuarez.mx\/historico\/wp-json\/wp\/v2\/tags?post=233295"}],"curies":[{"name":"wp","href":"https:\/\/api.w.org\/{rel}","templated":true}]}}