{"id":233233,"date":"2022-10-10T08:33:02","date_gmt":"2022-10-10T13:33:02","guid":{"rendered":"https:\/\/plazajuarez.mx\/?p=233233"},"modified":"2022-10-11T10:33:25","modified_gmt":"2022-10-11T15:33:25","slug":"gana-onesimo-serrano-premio-a-la-mejor-escultura-surrealista","status":"publish","type":"post","link":"https:\/\/plazajuarez.mx\/historico\/gana-onesimo-serrano-premio-a-la-mejor-escultura-surrealista\/","title":{"rendered":"Gana On\u00e9simo \u00c1vila Lara premio a la mejor escultura surrealista\u00a0"},"content":{"rendered":"\n<p><strong>TULANCINGO<\/strong>.- El escultor tulancinguense On\u00e9simo \u00c1vila Lara, gan\u00f3 el premio a la mejor escultura surrealista en la Bienal Internacional de Arte Contempor\u00e1neo de Cali, Colombia 2022, realizada del 26 de septiembre al 2 de octubre, pasado.<\/p>\n\n\n\n<p>\u00c1vila Lara particip\u00f3 con tres esculturas de hierro forjado: dos de manera presencial y una de manera virtual, compitiendo con m\u00e1s de mil obras de diferentes artistas, de varias partes del mundo; 700 de manera presencial y 400 de manera virtual.<\/p>\n\n\n\n<p>Una de sus obras se llama \u201cNos pondremos de pie\u201d; que es la figura de una mujer poni\u00e9ndose de pie, con un cubrebocas, que representa la pandemia por Covid-19, en la mano izquierda y en la mano derecha, una jaula que representa el encierro que tuvimos.<\/p>\n\n\n\n<p>La otra figura, titulada \u201cVelo de desesperaci\u00f3n\u201d, fue la ganadora y refleja el sentimiento de angustia, que, a veces, los seres humanos tenemos; pero, finalmente, es un velo que tiene que pasar y atr\u00e1s de ese velo est\u00e1 un rostro humano, que tiene la capacidad para cambiar el velo de angustia por uno de felicidad y de optimismo.<\/p>\n\n\n\n<p>La tercera obra, se llama \u201cManus Auxilium\u201d (La Mano que ayuda) y representa a los derechos humanos del mundo, la cual est\u00e1 f\u00edsicamente en la sede de la Comisi\u00f3n de Derechos Humanos de Hidalgo.<\/p>\n\n\n\n<p>Finalmente, adelant\u00f3 que en 15 d\u00edas m\u00e1s participar\u00e1 en otro evento de arte, en Colombia, pero ahora en la ciudad de Armer\u00eda, donde expondr\u00e1, de nueva cuenta, las tres obras mencionadas.<\/p>\n","protected":false},"excerpt":{"rendered":"<p>TULANCINGO.- El escultor tulancinguense On\u00e9simo \u00c1vila Lara, gan\u00f3 el premio a la mejor escultura surrealista en la Bienal Internacional de Arte Contempor\u00e1neo de Cali, Colombia 2022, realizada del 26 de septiembre al 2 de octubre, pasado. \u00c1vila Lara particip\u00f3 con tres esculturas de hierro forjado: dos de manera presencial y una de manera virtual, compitiendo [&hellip;]<\/p>\n","protected":false},"author":70,"featured_media":233234,"comment_status":"closed","ping_status":"closed","sticky":false,"template":"","format":"standard","meta":{"footnotes":""},"categories":[2159,40],"tags":[],"class_list":["post-233233","post","type-post","status-publish","format-standard","has-post-thumbnail","hentry","category-noticias-de-hidalgo","category-region"],"_links":{"self":[{"href":"https:\/\/plazajuarez.mx\/historico\/wp-json\/wp\/v2\/posts\/233233","targetHints":{"allow":["GET"]}}],"collection":[{"href":"https:\/\/plazajuarez.mx\/historico\/wp-json\/wp\/v2\/posts"}],"about":[{"href":"https:\/\/plazajuarez.mx\/historico\/wp-json\/wp\/v2\/types\/post"}],"author":[{"embeddable":true,"href":"https:\/\/plazajuarez.mx\/historico\/wp-json\/wp\/v2\/users\/70"}],"replies":[{"embeddable":true,"href":"https:\/\/plazajuarez.mx\/historico\/wp-json\/wp\/v2\/comments?post=233233"}],"version-history":[{"count":0,"href":"https:\/\/plazajuarez.mx\/historico\/wp-json\/wp\/v2\/posts\/233233\/revisions"}],"wp:featuredmedia":[{"embeddable":true,"href":"https:\/\/plazajuarez.mx\/historico\/wp-json\/wp\/v2\/media\/233234"}],"wp:attachment":[{"href":"https:\/\/plazajuarez.mx\/historico\/wp-json\/wp\/v2\/media?parent=233233"}],"wp:term":[{"taxonomy":"category","embeddable":true,"href":"https:\/\/plazajuarez.mx\/historico\/wp-json\/wp\/v2\/categories?post=233233"},{"taxonomy":"post_tag","embeddable":true,"href":"https:\/\/plazajuarez.mx\/historico\/wp-json\/wp\/v2\/tags?post=233233"}],"curies":[{"name":"wp","href":"https:\/\/api.w.org\/{rel}","templated":true}]}}