{"id":233230,"date":"2022-10-10T08:30:19","date_gmt":"2022-10-10T13:30:19","guid":{"rendered":"https:\/\/plazajuarez.mx\/?p=233230"},"modified":"2022-10-10T08:30:25","modified_gmt":"2022-10-10T13:30:25","slug":"encuentran-cria-de-tigrillo-en-ecuatzintla","status":"publish","type":"post","link":"https:\/\/plazajuarez.mx\/historico\/encuentran-cria-de-tigrillo-en-ecuatzintla\/","title":{"rendered":"Encuentran cr\u00eda de tigrillo en Ecuatzintla\u00a0\u00a0"},"content":{"rendered":"\n<p><strong>HUEJUTLA<\/strong>.- Ante el llamado de habitantes de la comunidad de Ecuatzintla para reportar a un animal silvestre a los cuerpos de rescate, personal de la alcald\u00eda arrib\u00f3 al lugar y se percataron que se trataba de un cachorro de tigrillo, que se encontraba en estado estable, no obstante; fue reportado a las autoridades competentes para proceder de manera legal con su atenci\u00f3n y resguardo.<\/p>\n\n\n\n<p>Por lo anterior, resguardaron el animalito y lo pusieron a disposici\u00f3n del refugio temporal para mascotas, ah\u00ed, el m\u00e9dico veterinario a cargo dictamin\u00f3 que el felino es macho, de aproximadamente un mes de edad, y no present\u00f3 s\u00edntomas de deshidrataci\u00f3n.&nbsp;<\/p>\n\n\n\n<p>Por \u00faltimo, la titular municipal de Medio Ambiente, Ing. Vianey Hern\u00e1ndez Mateos, se\u00f1al\u00f3 que en las pr\u00f3ximas horas, el mam\u00edfero ser\u00e1 entregado al inspector de PROFEPA, Ing. Genaro Hern\u00e1ndez Cornejo, para su disposici\u00f3n y posterior liberaci\u00f3n en su h\u00e1bitat.<\/p>\n","protected":false},"excerpt":{"rendered":"<p>HUEJUTLA.- Ante el llamado de habitantes de la comunidad de Ecuatzintla para reportar a un animal silvestre a los cuerpos de rescate, personal de la alcald\u00eda arrib\u00f3 al lugar y se percataron que se trataba de un cachorro de tigrillo, que se encontraba en estado estable, no obstante; fue reportado a las autoridades competentes para [&hellip;]<\/p>\n","protected":false},"author":76,"featured_media":233231,"comment_status":"closed","ping_status":"closed","sticky":false,"template":"","format":"standard","meta":{"footnotes":""},"categories":[2159,40],"tags":[],"class_list":["post-233230","post","type-post","status-publish","format-standard","has-post-thumbnail","hentry","category-noticias-de-hidalgo","category-region"],"_links":{"self":[{"href":"https:\/\/plazajuarez.mx\/historico\/wp-json\/wp\/v2\/posts\/233230","targetHints":{"allow":["GET"]}}],"collection":[{"href":"https:\/\/plazajuarez.mx\/historico\/wp-json\/wp\/v2\/posts"}],"about":[{"href":"https:\/\/plazajuarez.mx\/historico\/wp-json\/wp\/v2\/types\/post"}],"author":[{"embeddable":true,"href":"https:\/\/plazajuarez.mx\/historico\/wp-json\/wp\/v2\/users\/76"}],"replies":[{"embeddable":true,"href":"https:\/\/plazajuarez.mx\/historico\/wp-json\/wp\/v2\/comments?post=233230"}],"version-history":[{"count":0,"href":"https:\/\/plazajuarez.mx\/historico\/wp-json\/wp\/v2\/posts\/233230\/revisions"}],"wp:featuredmedia":[{"embeddable":true,"href":"https:\/\/plazajuarez.mx\/historico\/wp-json\/wp\/v2\/media\/233231"}],"wp:attachment":[{"href":"https:\/\/plazajuarez.mx\/historico\/wp-json\/wp\/v2\/media?parent=233230"}],"wp:term":[{"taxonomy":"category","embeddable":true,"href":"https:\/\/plazajuarez.mx\/historico\/wp-json\/wp\/v2\/categories?post=233230"},{"taxonomy":"post_tag","embeddable":true,"href":"https:\/\/plazajuarez.mx\/historico\/wp-json\/wp\/v2\/tags?post=233230"}],"curies":[{"name":"wp","href":"https:\/\/api.w.org\/{rel}","templated":true}]}}