{"id":233227,"date":"2022-10-10T08:28:56","date_gmt":"2022-10-10T13:28:56","guid":{"rendered":"https:\/\/plazajuarez.mx\/?p=233227"},"modified":"2022-10-10T08:29:02","modified_gmt":"2022-10-10T13:29:02","slug":"convoca-cipriano-charrez-a-la-reorganizacion","status":"publish","type":"post","link":"https:\/\/plazajuarez.mx\/historico\/convoca-cipriano-charrez-a-la-reorganizacion\/","title":{"rendered":"Convoca Cipriano Charrez a la \u201creorganizaci\u00f3n\u201d\u00a0"},"content":{"rendered":"\n<p><strong>IXMIQUILPAN<\/strong>.- El exdiputado federal, Cipriano Charrez Pedraza, se reuni\u00f3 con seguidores en su domicilio en la comunidad de Villa de la Paz, despu\u00e9s de que obtuviera prisi\u00f3n domiciliaria, confirm\u00f3 personalmente sobre este encuentro.\u00a0<\/p>\n\n\n\n<p>La reuni\u00f3n fue para comentarles sobre la situaci\u00f3n que ha vivido en casi tres a\u00f1os que estuvo en prisi\u00f3n, asimismo, de las acciones que se van a emprender pr\u00f3ximamente en materia social.&nbsp;<\/p>\n\n\n\n<p>Particularmente refiri\u00f3, sobre los temas de gesti\u00f3n que se tienen en el municipio de Ixmiquilpan, en el estado y en otras entidades. El seguimiento que se les dar\u00e1 a los mismos y a las tareas de reorganizaci\u00f3n que se van a llevar a cabo.&nbsp;<\/p>\n\n\n\n<p>\u201cInformarles que ya estoy ac\u00e1 en casa, ac\u00e1 en Villa de la Paz, los quiero invitar a todo este equipo, que nos reunamos el d\u00eda de ma\u00f1ana (ayer)\u201d, comunic\u00f3 a sus seguidores luego de obtener prisi\u00f3n domiciliaria.&nbsp;<\/p>\n","protected":false},"excerpt":{"rendered":"<p>IXMIQUILPAN.- El exdiputado federal, Cipriano Charrez Pedraza, se reuni\u00f3 con seguidores en su domicilio en la comunidad de Villa de la Paz, despu\u00e9s de que obtuviera prisi\u00f3n domiciliaria, confirm\u00f3 personalmente sobre este encuentro.\u00a0 La reuni\u00f3n fue para comentarles sobre la situaci\u00f3n que ha vivido en casi tres a\u00f1os que estuvo en prisi\u00f3n, asimismo, de las [&hellip;]<\/p>\n","protected":false},"author":75,"featured_media":233228,"comment_status":"closed","ping_status":"closed","sticky":false,"template":"","format":"standard","meta":{"footnotes":""},"categories":[2159,40],"tags":[],"class_list":["post-233227","post","type-post","status-publish","format-standard","has-post-thumbnail","hentry","category-noticias-de-hidalgo","category-region"],"_links":{"self":[{"href":"https:\/\/plazajuarez.mx\/historico\/wp-json\/wp\/v2\/posts\/233227","targetHints":{"allow":["GET"]}}],"collection":[{"href":"https:\/\/plazajuarez.mx\/historico\/wp-json\/wp\/v2\/posts"}],"about":[{"href":"https:\/\/plazajuarez.mx\/historico\/wp-json\/wp\/v2\/types\/post"}],"author":[{"embeddable":true,"href":"https:\/\/plazajuarez.mx\/historico\/wp-json\/wp\/v2\/users\/75"}],"replies":[{"embeddable":true,"href":"https:\/\/plazajuarez.mx\/historico\/wp-json\/wp\/v2\/comments?post=233227"}],"version-history":[{"count":0,"href":"https:\/\/plazajuarez.mx\/historico\/wp-json\/wp\/v2\/posts\/233227\/revisions"}],"wp:featuredmedia":[{"embeddable":true,"href":"https:\/\/plazajuarez.mx\/historico\/wp-json\/wp\/v2\/media\/233228"}],"wp:attachment":[{"href":"https:\/\/plazajuarez.mx\/historico\/wp-json\/wp\/v2\/media?parent=233227"}],"wp:term":[{"taxonomy":"category","embeddable":true,"href":"https:\/\/plazajuarez.mx\/historico\/wp-json\/wp\/v2\/categories?post=233227"},{"taxonomy":"post_tag","embeddable":true,"href":"https:\/\/plazajuarez.mx\/historico\/wp-json\/wp\/v2\/tags?post=233227"}],"curies":[{"name":"wp","href":"https:\/\/api.w.org\/{rel}","templated":true}]}}