{"id":233224,"date":"2022-10-10T08:27:36","date_gmt":"2022-10-10T13:27:36","guid":{"rendered":"https:\/\/plazajuarez.mx\/?p=233224"},"modified":"2022-10-10T08:27:42","modified_gmt":"2022-10-10T13:27:42","slug":"sin-condiciones-para-regreso-de-luis-cadena-a-la-presidencia","status":"publish","type":"post","link":"https:\/\/plazajuarez.mx\/historico\/sin-condiciones-para-regreso-de-luis-cadena-a-la-presidencia\/","title":{"rendered":"Sin condiciones, para regreso de Luis Cadena a la presidencia"},"content":{"rendered":"\n<p><strong>NOPALA<\/strong>.- No hay condiciones para que el presidente municipal de Nopala de Villagr\u00e1n, Luis Enrique Cadena, retorne este lunes a la alcald\u00eda, como prometi\u00f3 en un documento que fue filtrado a los medios de comunicaci\u00f3n, confirm\u00f3 una fuente cercana a \u00e9l.\u00a0<\/p>\n\n\n\n<p>Hasta el momento, \u00e9l no ha dado ninguna declaraci\u00f3n, debido a que se encontraba fuera del pa\u00eds. Sin embargo, este lunes estar\u00eda retomando sus actividades, confirm\u00f3 la fuente, pero no se presentar\u00e1 a la presidencia, debido a la manifestaci\u00f3n que encabeza un grupo peque\u00f1o de personas.&nbsp;<\/p>\n\n\n\n<p>Explica, que los manifestantes, son los mismos que se oponen a la granja solar de paneles, asimismo a otras acciones y obras en el municipio. Sin embargo, tambi\u00e9n puntualiza, que dicho grupo no tiene la capacidad para gestionar el apoyo social que genere una movilizaci\u00f3n.&nbsp;<\/p>\n\n\n\n<p>Por ahora, se inform\u00f3, que se esperar\u00e1 a los procesos que sigue la Procuradur\u00eda General de Justicia del Estado de Hidalgo (PGJEH). Este lunes, estar\u00e1n citados los regidores a sesionar, aunque la mayor\u00eda del cabildo, no ha acudido a llamados anteriores, tampoco el secretario general, ni los titulares de obras p\u00fablicas o de la tesorer\u00eda.<\/p>\n","protected":false},"excerpt":{"rendered":"<p>NOPALA.- No hay condiciones para que el presidente municipal de Nopala de Villagr\u00e1n, Luis Enrique Cadena, retorne este lunes a la alcald\u00eda, como prometi\u00f3 en un documento que fue filtrado a los medios de comunicaci\u00f3n, confirm\u00f3 una fuente cercana a \u00e9l.\u00a0 Hasta el momento, \u00e9l no ha dado ninguna declaraci\u00f3n, debido a que se encontraba [&hellip;]<\/p>\n","protected":false},"author":75,"featured_media":233225,"comment_status":"closed","ping_status":"closed","sticky":false,"template":"","format":"standard","meta":{"footnotes":""},"categories":[2159,40],"tags":[],"class_list":["post-233224","post","type-post","status-publish","format-standard","has-post-thumbnail","hentry","category-noticias-de-hidalgo","category-region"],"_links":{"self":[{"href":"https:\/\/plazajuarez.mx\/historico\/wp-json\/wp\/v2\/posts\/233224","targetHints":{"allow":["GET"]}}],"collection":[{"href":"https:\/\/plazajuarez.mx\/historico\/wp-json\/wp\/v2\/posts"}],"about":[{"href":"https:\/\/plazajuarez.mx\/historico\/wp-json\/wp\/v2\/types\/post"}],"author":[{"embeddable":true,"href":"https:\/\/plazajuarez.mx\/historico\/wp-json\/wp\/v2\/users\/75"}],"replies":[{"embeddable":true,"href":"https:\/\/plazajuarez.mx\/historico\/wp-json\/wp\/v2\/comments?post=233224"}],"version-history":[{"count":0,"href":"https:\/\/plazajuarez.mx\/historico\/wp-json\/wp\/v2\/posts\/233224\/revisions"}],"wp:featuredmedia":[{"embeddable":true,"href":"https:\/\/plazajuarez.mx\/historico\/wp-json\/wp\/v2\/media\/233225"}],"wp:attachment":[{"href":"https:\/\/plazajuarez.mx\/historico\/wp-json\/wp\/v2\/media?parent=233224"}],"wp:term":[{"taxonomy":"category","embeddable":true,"href":"https:\/\/plazajuarez.mx\/historico\/wp-json\/wp\/v2\/categories?post=233224"},{"taxonomy":"post_tag","embeddable":true,"href":"https:\/\/plazajuarez.mx\/historico\/wp-json\/wp\/v2\/tags?post=233224"}],"curies":[{"name":"wp","href":"https:\/\/api.w.org\/{rel}","templated":true}]}}