{"id":233086,"date":"2022-10-08T13:40:24","date_gmt":"2022-10-08T18:40:24","guid":{"rendered":"https:\/\/plazajuarez.mx\/?p=233086"},"modified":"2022-10-08T13:40:32","modified_gmt":"2022-10-08T18:40:32","slug":"juez_aleman","status":"publish","type":"post","link":"https:\/\/plazajuarez.mx\/historico\/juez_aleman\/","title":{"rendered":"Juez vincula a proceso a &#8220;El Comandante Alem\u00e1n&#8221;"},"content":{"rendered":"\n<p>  Un juez federal vincul\u00f3 a proceso a Alfredo &#8220;A&#8221;, alias &#8220;El Comandante Alem\u00e1n&#8221;, presunto jefe de &#8220;Los Alemanes&#8221;, grupo ligado a &#8220;Los Zetas&#8221;, detenido en septiembre en el municipio de Garc\u00eda, Nuevo Le\u00f3n, por elementos de la Guardia Nacional y del Ej\u00e9rcito.<\/p>\n\n\n\n<p>En audiencia inicial, la Fiscal\u00eda General de la Rep\u00fablica (FGR), a trav\u00e9s de la Unidad Especializada en Investigaci\u00f3n de Delitos Contra la Salud (UEIDCS), present\u00f3 los datos de prueba al juez, quien resolvi\u00f3 procesar a &#8220;El Comandante Alem\u00e1n&#8221; por su probable responsabilidad de los delitos de contra la salud en la modalidad de posesi\u00f3n de fentanilo y clorhidrato de metanfetamina con fines de comercio; posesi\u00f3n de arma de fuego, cartuchos y cargadores, todos de uso exclusivo de las Fuerzas Armadas, y lavado de dinero.<\/p>\n\n\n\n<p>Asimismo, el juzgador ratific\u00f3 la medida cautelar de prisi\u00f3n preventiva oficiosa contra el presunto integrante del grupo criminal &#8220;Los Zetas&#8221; y estableci\u00f3 dos meses para la investigaci\u00f3n complementaria.<\/p>\n\n\n\n<p>Alfredo &#8220;N&#8221;, fue detenido en flagrancia el 22 de septiembre de 2022 por agentes de la Guardia Nacional (GN), con apoyo del Ej\u00e9rcito, al ejecutar un cateo en un inmueble ubicado en la localidad de Garc\u00eda, Nuevo Le\u00f3n, en el que le aseguraron 147 comprimidos de fentanilo, 487.5 gramos de clorhidrato de metanfetamina, un arma de fuego larga, 159 cartuchos, dos cargadores y un veh\u00edculo.<\/p>\n\n\n\n<p>&#8220;El Comandante Alem\u00e1n&#8221; manten\u00eda una disputa directa con el C\u00e1rtel del Golfo por el control del acopio de marihuana en San Luis Potos\u00ed y Zacatecas y posterior trasiego a Estados Unidos, seg\u00fan investigaciones ministeriales.<\/p>\n","protected":false},"excerpt":{"rendered":"<p>Un juez federal vincul\u00f3 a proceso a Alfredo &#8220;A&#8221;, alias &#8220;El Comandante Alem\u00e1n&#8221;, presunto jefe de &#8220;Los Alemanes&#8221;, grupo ligado a &#8220;Los Zetas&#8221;, detenido en septiembre en el municipio de Garc\u00eda, Nuevo Le\u00f3n, por elementos de la Guardia Nacional y del Ej\u00e9rcito. En audiencia inicial, la Fiscal\u00eda General de la Rep\u00fablica (FGR), a trav\u00e9s de [&hellip;]<\/p>\n","protected":false},"author":81,"featured_media":233087,"comment_status":"closed","ping_status":"closed","sticky":false,"template":"","format":"standard","meta":{"footnotes":""},"categories":[15,36],"tags":[],"class_list":["post-233086","post","type-post","status-publish","format-standard","has-post-thumbnail","hentry","category-destacadas","category-nacion"],"_links":{"self":[{"href":"https:\/\/plazajuarez.mx\/historico\/wp-json\/wp\/v2\/posts\/233086","targetHints":{"allow":["GET"]}}],"collection":[{"href":"https:\/\/plazajuarez.mx\/historico\/wp-json\/wp\/v2\/posts"}],"about":[{"href":"https:\/\/plazajuarez.mx\/historico\/wp-json\/wp\/v2\/types\/post"}],"author":[{"embeddable":true,"href":"https:\/\/plazajuarez.mx\/historico\/wp-json\/wp\/v2\/users\/81"}],"replies":[{"embeddable":true,"href":"https:\/\/plazajuarez.mx\/historico\/wp-json\/wp\/v2\/comments?post=233086"}],"version-history":[{"count":0,"href":"https:\/\/plazajuarez.mx\/historico\/wp-json\/wp\/v2\/posts\/233086\/revisions"}],"wp:featuredmedia":[{"embeddable":true,"href":"https:\/\/plazajuarez.mx\/historico\/wp-json\/wp\/v2\/media\/233087"}],"wp:attachment":[{"href":"https:\/\/plazajuarez.mx\/historico\/wp-json\/wp\/v2\/media?parent=233086"}],"wp:term":[{"taxonomy":"category","embeddable":true,"href":"https:\/\/plazajuarez.mx\/historico\/wp-json\/wp\/v2\/categories?post=233086"},{"taxonomy":"post_tag","embeddable":true,"href":"https:\/\/plazajuarez.mx\/historico\/wp-json\/wp\/v2\/tags?post=233086"}],"curies":[{"name":"wp","href":"https:\/\/api.w.org\/{rel}","templated":true}]}}