{"id":233083,"date":"2022-10-08T13:34:14","date_gmt":"2022-10-08T18:34:14","guid":{"rendered":"https:\/\/plazajuarez.mx\/?p=233083"},"modified":"2022-10-08T13:34:21","modified_gmt":"2022-10-08T18:34:21","slug":"sheinbaum-5","status":"publish","type":"post","link":"https:\/\/plazajuarez.mx\/historico\/sheinbaum-5\/","title":{"rendered":"Piden a Sheinbaum conservar Glorieta de las Mujeres que Luchan"},"content":{"rendered":"\n<p>Madres de personas desaparecidas y colectivos pidieron a la jefa de Gobierno, Claudia Sheinbaum, respete la Glorieta de las Mujeres que Luchan, y que no quite el espacio que representa un homenaje a las v\u00edctimas y el trabajo que las autoridades no han realizado para hallar a sus familiares.<\/p>\n\n\n\n<p>Comentaron que la mandataria no tiene derecho a quitarles este espacio en donde han encontrado cari\u00f1o, y en donde se han reconfortado las v\u00edctimas al escuchar las historias que las unen.<\/p>\n\n\n\n<p>&#8220;No buscan a delincuentes y menos a nuestros hijos desaparecidos, tienen que hacer su trabajo con dignidad&#8221;, se\u00f1al\u00f3 una de las madres, v\u00edctimas directas de desaparici\u00f3n.<\/p>\n\n\n\n<p>&#8220;Aqu\u00ed vamos a seguir de pie para decirles que es el Estado&#8221;, repiti\u00f3.<\/p>\n\n\n\n<p>Las familias que se congregaron pidieron que la Glorieta de las Mujeres que Luchan no sea retirado, pues las autoridades locales y federales deben tomarlo como una medida de reparaci\u00f3n, pues nunca les entregar\u00e1n a sus hijos.<\/p>\n\n\n\n<p>&#8220;Se\u00f1ora Claudia esta Glorieta no va a ser tocada ni por usted&#8221;, enfatiz\u00f3 otra de la V\u00edctimas, quien lleva dos a\u00f1os y medio buscando a su hijo.<\/p>\n\n\n\n<p>&#8220;Vamos a luchar por esta glorieta, y vamos a resistir compa\u00f1eras&#8221;, expresaron.<\/p>\n\n\n\n<p>Piden estar de lado de las v\u00edctimas<\/p>\n\n\n\n<p>Se\u00f1alaron que si la mandataria capitalina est\u00e1 del lado de las causas de las v\u00edctimas no ponga a pelear a los colectivos y que si ella quiere llegar a la presidencia, debe demostrar estar con las v\u00edctimas.<\/p>\n\n\n\n<p>&#8220;Dec\u00edan dec\u00edan, que todo cambiar\u00eda y todo era mentira, es la misma porquer\u00eda&#8221;, gritaban.<\/p>\n\n\n\n<p>El mensaje general fue que la jefa de Gobierno, Claudia Sheinbaum, dialogara con las madres de desaparecidos y que arribe a la Glorieta de las Mujeres que Luchan.<\/p>\n\n\n\n<p>Por su parte, mujeres integrantes de colectivos de personas desaparecidas, expresaron que dicha glorieta se la merecen por el trabajo que realizan.<\/p>\n","protected":false},"excerpt":{"rendered":"<p>Madres de personas desaparecidas y colectivos pidieron a la jefa de Gobierno, Claudia Sheinbaum, respete la Glorieta de las Mujeres que Luchan, y que no quite el espacio que representa un homenaje a las v\u00edctimas y el trabajo que las autoridades no han realizado para hallar a sus familiares. Comentaron que la mandataria no tiene [&hellip;]<\/p>\n","protected":false},"author":81,"featured_media":233084,"comment_status":"closed","ping_status":"closed","sticky":false,"template":"","format":"standard","meta":{"footnotes":""},"categories":[36,2160],"tags":[],"class_list":["post-233083","post","type-post","status-publish","format-standard","has-post-thumbnail","hentry","category-nacion","category-noticias-de-la-ciudad-de-mexico"],"_links":{"self":[{"href":"https:\/\/plazajuarez.mx\/historico\/wp-json\/wp\/v2\/posts\/233083","targetHints":{"allow":["GET"]}}],"collection":[{"href":"https:\/\/plazajuarez.mx\/historico\/wp-json\/wp\/v2\/posts"}],"about":[{"href":"https:\/\/plazajuarez.mx\/historico\/wp-json\/wp\/v2\/types\/post"}],"author":[{"embeddable":true,"href":"https:\/\/plazajuarez.mx\/historico\/wp-json\/wp\/v2\/users\/81"}],"replies":[{"embeddable":true,"href":"https:\/\/plazajuarez.mx\/historico\/wp-json\/wp\/v2\/comments?post=233083"}],"version-history":[{"count":0,"href":"https:\/\/plazajuarez.mx\/historico\/wp-json\/wp\/v2\/posts\/233083\/revisions"}],"wp:featuredmedia":[{"embeddable":true,"href":"https:\/\/plazajuarez.mx\/historico\/wp-json\/wp\/v2\/media\/233084"}],"wp:attachment":[{"href":"https:\/\/plazajuarez.mx\/historico\/wp-json\/wp\/v2\/media?parent=233083"}],"wp:term":[{"taxonomy":"category","embeddable":true,"href":"https:\/\/plazajuarez.mx\/historico\/wp-json\/wp\/v2\/categories?post=233083"},{"taxonomy":"post_tag","embeddable":true,"href":"https:\/\/plazajuarez.mx\/historico\/wp-json\/wp\/v2\/tags?post=233083"}],"curies":[{"name":"wp","href":"https:\/\/api.w.org\/{rel}","templated":true}]}}