{"id":233077,"date":"2022-10-08T13:17:42","date_gmt":"2022-10-08T18:17:42","guid":{"rendered":"https:\/\/plazajuarez.mx\/?p=233077"},"modified":"2022-10-08T14:29:08","modified_gmt":"2022-10-08T19:29:08","slug":"dani_alves-barcelona","status":"publish","type":"post","link":"https:\/\/plazajuarez.mx\/historico\/dani_alves-barcelona\/","title":{"rendered":"Dani Alves presume que entrena con el Barcelona"},"content":{"rendered":"\n<p>En Pumas se est\u00e1 trabajando en la reestructuraci\u00f3n del equipo por lo que los jugadores est\u00e1n de vacaciones y el que llam\u00f3 la atenci\u00f3n fue Dani Alves, porque visit\u00f3 a su exequipo, el Barcelona.<\/p>\n\n\n\n<p>Dani Alves se convirti\u00f3 en el jugador m\u00e1s medi\u00e1tico de la Liga MX, sin embargo, form\u00f3 parte del fracaso de Pumas tras quedar eliminados en la fase regular del Apertura 2022.<\/p>\n\n\n\n<p>Esto no significa que el brasile\u00f1o dej\u00e9 de prepararse de cara al Mundial de Qatar 2022 y lo hace con el Barcelona.<\/p>\n\n\n\n<p>Alves public\u00f3 en su cuenta de Instagram un mensaje de agradecimiento al club blaugrana por permitirle estar utilizando sus instalaciones.<\/p>\n\n\n\n<p>&#8220;Siempre agradecido a esta casa por abrirme las puertas para lo que haga falta&#8221;, escribi\u00f3 el futbolista de 39 a\u00f1os de edad.<\/p>\n\n\n\n<p>En la imagen se observa a Alves en un gimnasio portando la playera de entrenamiento del Barcelona.<\/p>\n\n\n\n<p>&#8220;Los grandes cuando son desafiados jam\u00e1s se echar\u00e1n atr\u00e1s\u2026 Luchar\u00e1n, luchar\u00e1n hasta el \u00faltimo segundo de su existencia&#8221;, agreg\u00f3.<\/p>\n\n\n\n<p>Esta publicaci\u00f3n la coment\u00f3 la cuenta oficial del club catal\u00e1n.<\/p>\n\n\n\n<p>&#8220;Barcelona es tu casa, Dani&#8221;, respondi\u00f3 el Barsa.<\/p>\n\n\n\n<p><\/p>\n\n\n\n<p><\/p>\n","protected":false},"excerpt":{"rendered":"<p>En Pumas se est\u00e1 trabajando en la reestructuraci\u00f3n del equipo por lo que los jugadores est\u00e1n de vacaciones y el que llam\u00f3 la atenci\u00f3n fue Dani Alves, porque visit\u00f3 a su exequipo, el Barcelona. Dani Alves se convirti\u00f3 en el jugador m\u00e1s medi\u00e1tico de la Liga MX, sin embargo, form\u00f3 parte del fracaso de Pumas [&hellip;]<\/p>\n","protected":false},"author":81,"featured_media":233099,"comment_status":"closed","ping_status":"closed","sticky":false,"template":"","format":"standard","meta":{"footnotes":""},"categories":[39],"tags":[],"class_list":["post-233077","post","type-post","status-publish","format-standard","has-post-thumbnail","hentry","category-deportiva"],"_links":{"self":[{"href":"https:\/\/plazajuarez.mx\/historico\/wp-json\/wp\/v2\/posts\/233077","targetHints":{"allow":["GET"]}}],"collection":[{"href":"https:\/\/plazajuarez.mx\/historico\/wp-json\/wp\/v2\/posts"}],"about":[{"href":"https:\/\/plazajuarez.mx\/historico\/wp-json\/wp\/v2\/types\/post"}],"author":[{"embeddable":true,"href":"https:\/\/plazajuarez.mx\/historico\/wp-json\/wp\/v2\/users\/81"}],"replies":[{"embeddable":true,"href":"https:\/\/plazajuarez.mx\/historico\/wp-json\/wp\/v2\/comments?post=233077"}],"version-history":[{"count":0,"href":"https:\/\/plazajuarez.mx\/historico\/wp-json\/wp\/v2\/posts\/233077\/revisions"}],"wp:featuredmedia":[{"embeddable":true,"href":"https:\/\/plazajuarez.mx\/historico\/wp-json\/wp\/v2\/media\/233099"}],"wp:attachment":[{"href":"https:\/\/plazajuarez.mx\/historico\/wp-json\/wp\/v2\/media?parent=233077"}],"wp:term":[{"taxonomy":"category","embeddable":true,"href":"https:\/\/plazajuarez.mx\/historico\/wp-json\/wp\/v2\/categories?post=233077"},{"taxonomy":"post_tag","embeddable":true,"href":"https:\/\/plazajuarez.mx\/historico\/wp-json\/wp\/v2\/tags?post=233077"}],"curies":[{"name":"wp","href":"https:\/\/api.w.org\/{rel}","templated":true}]}}