{"id":233045,"date":"2022-10-08T09:09:46","date_gmt":"2022-10-08T14:09:46","guid":{"rendered":"https:\/\/plazajuarez.mx\/?p=233045"},"modified":"2022-10-08T09:09:52","modified_gmt":"2022-10-08T14:09:52","slug":"fiscalia-de-guerrero-investiga-video-compartido-en-redes-por-el-fresa","status":"publish","type":"post","link":"https:\/\/plazajuarez.mx\/historico\/fiscalia-de-guerrero-investiga-video-compartido-en-redes-por-el-fresa\/","title":{"rendered":"Fiscal\u00eda de Guerrero investiga video compartido en redes por &#8220;El Fresa&#8221;;\u00a0"},"content":{"rendered":"\n<p>(EL UNIVERSAL).- Sandra Luz Valdovinos Salmer\u00f3n, Fiscal de Guerrero, se\u00f1al\u00f3 que investigan &#8220;t\u00e9cnicamente&#8221; un video publicado por sujeto que se identifica como l\u00edder de la Familia Michoacana en donde habla sobre los hechos ocurridos en San Miguel Totolapan, que dej\u00f3 20 muertos.<\/p>\n\n\n\n<p>La funcionaria confirm\u00f3 que est\u00e1n analizando el video publicado en redes sociales por Jos\u00e9 Alfredo Hurtado Olascoaga, identificado como \u201cEl Fresa\u201d, l\u00edder de La Familia Michoacana, como una de dos l\u00edneas de investigaci\u00f3n.<\/p>\n\n\n\n<p>En el video difundido, el supuesto l\u00edder criminal asegura que un grupo rival identificado como &#8220;Los Tequileros&#8221; buscaba asesinarlo, por lo que desat\u00f3 el ataque, ante lo cual, \u201cEl Fresa\u201d se\u00f1al\u00f3 que habr\u00e1 represalias.<\/p>\n","protected":false},"excerpt":{"rendered":"<p>(EL UNIVERSAL).- Sandra Luz Valdovinos Salmer\u00f3n, Fiscal de Guerrero, se\u00f1al\u00f3 que investigan &#8220;t\u00e9cnicamente&#8221; un video publicado por sujeto que se identifica como l\u00edder de la Familia Michoacana en donde habla sobre los hechos ocurridos en San Miguel Totolapan, que dej\u00f3 20 muertos. La funcionaria confirm\u00f3 que est\u00e1n analizando el video publicado en redes sociales por [&hellip;]<\/p>\n","protected":false},"author":93,"featured_media":233046,"comment_status":"closed","ping_status":"closed","sticky":false,"template":"","format":"standard","meta":{"footnotes":""},"categories":[37],"tags":[],"class_list":["post-233045","post","type-post","status-publish","format-standard","has-post-thumbnail","hentry","category-barandilla"],"_links":{"self":[{"href":"https:\/\/plazajuarez.mx\/historico\/wp-json\/wp\/v2\/posts\/233045","targetHints":{"allow":["GET"]}}],"collection":[{"href":"https:\/\/plazajuarez.mx\/historico\/wp-json\/wp\/v2\/posts"}],"about":[{"href":"https:\/\/plazajuarez.mx\/historico\/wp-json\/wp\/v2\/types\/post"}],"author":[{"embeddable":true,"href":"https:\/\/plazajuarez.mx\/historico\/wp-json\/wp\/v2\/users\/93"}],"replies":[{"embeddable":true,"href":"https:\/\/plazajuarez.mx\/historico\/wp-json\/wp\/v2\/comments?post=233045"}],"version-history":[{"count":0,"href":"https:\/\/plazajuarez.mx\/historico\/wp-json\/wp\/v2\/posts\/233045\/revisions"}],"wp:featuredmedia":[{"embeddable":true,"href":"https:\/\/plazajuarez.mx\/historico\/wp-json\/wp\/v2\/media\/233046"}],"wp:attachment":[{"href":"https:\/\/plazajuarez.mx\/historico\/wp-json\/wp\/v2\/media?parent=233045"}],"wp:term":[{"taxonomy":"category","embeddable":true,"href":"https:\/\/plazajuarez.mx\/historico\/wp-json\/wp\/v2\/categories?post=233045"},{"taxonomy":"post_tag","embeddable":true,"href":"https:\/\/plazajuarez.mx\/historico\/wp-json\/wp\/v2\/tags?post=233045"}],"curies":[{"name":"wp","href":"https:\/\/api.w.org\/{rel}","templated":true}]}}