{"id":233030,"date":"2022-10-08T09:03:55","date_gmt":"2022-10-08T14:03:55","guid":{"rendered":"https:\/\/plazajuarez.mx\/?p=233030"},"modified":"2022-10-08T09:04:01","modified_gmt":"2022-10-08T14:04:01","slug":"arrancaron-con-las-jornadas-guardianes-por-tu-salud-en-beneficio-de-la-poblacion","status":"publish","type":"post","link":"https:\/\/plazajuarez.mx\/historico\/arrancaron-con-las-jornadas-guardianes-por-tu-salud-en-beneficio-de-la-poblacion\/","title":{"rendered":"Arrancaron con las jornadas \u201cGuardianes por tu salud\u201d, en beneficio de la poblaci\u00f3n"},"content":{"rendered":"\n<p><strong>Tizayuca<\/strong>.- Susana \u00c1ngeles Quezada, alcaldesa de Tizayuca presidi\u00f3 el arranque de las jornadas denominadas \u201cGuardianes por tu salud\u201d que se llev\u00f3 a cabo en el fraccionamiento Rancho Don Antonio, tambi\u00e9n conocido como Casas Quma.<\/p>\n\n\n\n<p>En el evento estuvo acompa\u00f1ada por funcionarios de su administraci\u00f3n y representantes del Sector Salud del Gobierno del estado de Hidalgo.<\/p>\n\n\n\n<p>Al respecto inform\u00f3 que, tras la reciente visita de la titular de la Secretar\u00eda de Salud de Hidalgo, Mar\u00eda Zorayda Robles Barrera y gracias a las gestiones realizadas por su administraci\u00f3n, en breve se contar\u00e1 con una unidad m\u00f3vil para ampliar la atenci\u00f3n m\u00e9dica en esta regi\u00f3n del municipio.<\/p>\n\n\n\n<p>De manera particular, Susana \u00c1ngeles convoc\u00f3 a las tizayuquenses a que, en el marco de \u201cOctubre, Mes Rosa\u201d, acudan tanto a las jornadas de \u201cGuardianes por tu salud\u201d, como los diversos Centros de Salud a realizarse estudios preventivos del c\u00e1ncer de mama y as\u00ed evitar un mayor n\u00famero de casos en el municipio.<\/p>\n\n\n\n<p>\u201cGuardianes por tu salud\u201d, ofrece servicios de toma de glucosa, signos vitales, consulta m\u00e9dica general, prevenci\u00f3n de suicidio, orientaci\u00f3n psicol\u00f3gica y realizaci\u00f3n de detecciones de diabetes, hipertensi\u00f3n arterial, obesidad y detecciones de VIH\/SIDA.<\/p>\n","protected":false},"excerpt":{"rendered":"<p>Tizayuca.- Susana \u00c1ngeles Quezada, alcaldesa de Tizayuca presidi\u00f3 el arranque de las jornadas denominadas \u201cGuardianes por tu salud\u201d que se llev\u00f3 a cabo en el fraccionamiento Rancho Don Antonio, tambi\u00e9n conocido como Casas Quma. En el evento estuvo acompa\u00f1ada por funcionarios de su administraci\u00f3n y representantes del Sector Salud del Gobierno del estado de Hidalgo. [&hellip;]<\/p>\n","protected":false},"author":93,"featured_media":233031,"comment_status":"closed","ping_status":"closed","sticky":false,"template":"","format":"standard","meta":{"footnotes":""},"categories":[2159,40],"tags":[],"class_list":["post-233030","post","type-post","status-publish","format-standard","has-post-thumbnail","hentry","category-noticias-de-hidalgo","category-region"],"_links":{"self":[{"href":"https:\/\/plazajuarez.mx\/historico\/wp-json\/wp\/v2\/posts\/233030","targetHints":{"allow":["GET"]}}],"collection":[{"href":"https:\/\/plazajuarez.mx\/historico\/wp-json\/wp\/v2\/posts"}],"about":[{"href":"https:\/\/plazajuarez.mx\/historico\/wp-json\/wp\/v2\/types\/post"}],"author":[{"embeddable":true,"href":"https:\/\/plazajuarez.mx\/historico\/wp-json\/wp\/v2\/users\/93"}],"replies":[{"embeddable":true,"href":"https:\/\/plazajuarez.mx\/historico\/wp-json\/wp\/v2\/comments?post=233030"}],"version-history":[{"count":0,"href":"https:\/\/plazajuarez.mx\/historico\/wp-json\/wp\/v2\/posts\/233030\/revisions"}],"wp:featuredmedia":[{"embeddable":true,"href":"https:\/\/plazajuarez.mx\/historico\/wp-json\/wp\/v2\/media\/233031"}],"wp:attachment":[{"href":"https:\/\/plazajuarez.mx\/historico\/wp-json\/wp\/v2\/media?parent=233030"}],"wp:term":[{"taxonomy":"category","embeddable":true,"href":"https:\/\/plazajuarez.mx\/historico\/wp-json\/wp\/v2\/categories?post=233030"},{"taxonomy":"post_tag","embeddable":true,"href":"https:\/\/plazajuarez.mx\/historico\/wp-json\/wp\/v2\/tags?post=233030"}],"curies":[{"name":"wp","href":"https:\/\/api.w.org\/{rel}","templated":true}]}}