{"id":233028,"date":"2022-10-08T08:56:00","date_gmt":"2022-10-08T13:56:00","guid":{"rendered":"https:\/\/plazajuarez.mx\/?p=233028"},"modified":"2022-10-08T08:56:06","modified_gmt":"2022-10-08T13:56:06","slug":"mejor-un-mono-rosa-que-uno-negro","status":"publish","type":"post","link":"https:\/\/plazajuarez.mx\/historico\/mejor-un-mono-rosa-que-uno-negro\/","title":{"rendered":"\u201cMejor un mo\u00f1o rosa que uno negro\u201d"},"content":{"rendered":"\n<h2 class=\"wp-block-heading\"><strong>IGUALDAD SUSTANTIVA, EMPODERAMIENTO EFECTIVO<\/strong><\/h2>\n\n\n\n<p>En el marco de la conmemoraci\u00f3n del \u201cD\u00eda Mundial de la Lucha contra el C\u00e1ncer de Mama\u201d, en M\u00e9xico se realizan diferentes acciones y hasta pol\u00edticas p\u00fablicas con el firme prop\u00f3sito de sensibilizar y concientizar a las mujeres para la prevenci\u00f3n, detecci\u00f3n, atenci\u00f3n y cuidado para la supervivencia de las mujeres.<\/p>\n\n\n\n<p>Seg\u00fan la Organizaci\u00f3n Mundial de la Salud, el c\u00e1ncer de mama es la primera causa de muerte en la poblaci\u00f3n femenina de m\u00e1s de 25 a\u00f1os de edad, estima que, de m\u00e1s de 462 mil mujeres diagnosticadas con c\u00e1ncer de mama, mueren alrededor de 100 mil. En M\u00e9xico es la primera causa de muerte de las mujeres de 25 a\u00f1os y m\u00e1s. Si las tendencias contin\u00faan se prev\u00e9 que para el 2030 las mujeres diagnosticadas aumenten en un 34 por ciento.&nbsp;<\/p>\n\n\n\n<p>Seg\u00fan datos del INEGI, la causa principal de defunciones en las mujeres de los grupos de edad de 30 a 59 a\u00f1os, y de 60 a\u00f1os y m\u00e1s, es el tumor maligno de la mama con una tasa porcentual de defunciones del 1.56 y 4.71 por cada 10 mil mujeres respectivamente.<\/p>\n\n\n\n<p>Las causas son multifactoriales, como pudieran ser la edad avanzada, menstruaci\u00f3n a temprana edad, edad avanzada en el primer parto o no dar a luz, antecedentes familiares de c\u00e1ncer de mama, antecedentes de hallazgos de hiperplasia ductal at\u00edpica, ser portadora de los genes BRCA1 o BRCA2, el consumo de hormonas como el estr\u00f3geno y progesterona, el consumo de licor, y ser de raza blanca. Estos factores son una posibilidad de afectaci\u00f3n en el marco de la diversidad de los efectos en cada organismo.&nbsp;<\/p>\n\n\n\n<p>Una regla de cuidado es que, a partir de los 20 a\u00f1os de edad, las mujeres deben efectuarse ex\u00e1menes de autoexploraci\u00f3n de la mama para la detecci\u00f3n temprana del c\u00e1ncer, tambi\u00e9n es necesario realizarse mastograf\u00edas tanto en casos de indicios durante exploraci\u00f3n, como por lo menos una vez al a\u00f1o, para que, a partir de los resultados se pueda diagnosticar, llevar el tratamiento y seguimiento especializado en c\u00e1ncer.&nbsp;<\/p>\n\n\n\n<p>Es importante destacar que, en esta lucha dado el alto costo de los tratamientos y la falta de recursos econ\u00f3micos para solventar los gastos, muchas mujeres unidas demandaron la gratuidad permanente de tratamientos y medicamentos para las que lo requieran, por lo que la Comisi\u00f3n Nacional de los Derechos Humanos exhort\u00f3 a las autoridades de salud a garantizar a las pacientes la conclusi\u00f3n integral de sus tratamientos.<\/p>\n\n\n\n<p>Algunas recomendaciones que la secretar\u00eda de salud establece para modificar en la vida de las personas con c\u00e1ncer son eliminar la alimentaci\u00f3n basada en carbohidratos y baja en fibra, la dieta rica en grasas tanto animales como \u00e1cidos grasos trans, la obesidad principalmente en la postmenopausia, el sedentarismo, el consumo de alcohol, y tabaquismo.<\/p>\n\n\n\n<p>Asimismo, las medidas preventivas para disminuir la prevalencia de factores de riesgo, son el desarrollo de entornos saludables, el fomento entre la coordinaci\u00f3n institucional y social, la inclusi\u00f3n en campa\u00f1as de comunicaci\u00f3n y educaci\u00f3n que favorezcan h\u00e1bitos de vida saludables, el reforzamiento de la participaci\u00f3n social, y el impulso a las medidas p\u00fablicas saludables<\/p>\n\n\n\n<p>Por \u00faltimo, recordar que el list\u00f3n rosa representa el s\u00edmbolo de quienes se suman a la campa\u00f1a de detecci\u00f3n y prevenci\u00f3n contra el padecimiento, fomentando la sensibilizaci\u00f3n y concientizaci\u00f3n de todas las mujeres.<\/p>\n\n\n\n<p>\u00a1S\u00famate a esta campa\u00f1a!<\/p>\n","protected":false},"excerpt":{"rendered":"<p>IGUALDAD SUSTANTIVA, EMPODERAMIENTO EFECTIVO En el marco de la conmemoraci\u00f3n del \u201cD\u00eda Mundial de la Lucha contra el C\u00e1ncer de Mama\u201d, en M\u00e9xico se realizan diferentes acciones y hasta pol\u00edticas p\u00fablicas con el firme prop\u00f3sito de sensibilizar y concientizar a las mujeres para la prevenci\u00f3n, detecci\u00f3n, atenci\u00f3n y cuidado para la supervivencia de las mujeres. [&hellip;]<\/p>\n","protected":false},"author":104,"featured_media":208208,"comment_status":"closed","ping_status":"closed","sticky":false,"template":"","format":"standard","meta":{"footnotes":""},"categories":[42,2157],"tags":[],"class_list":["post-233028","post","type-post","status-publish","format-standard","has-post-thumbnail","hentry","category-nuestrapalabra","category-patricia-gonzalez-lopez"],"_links":{"self":[{"href":"https:\/\/plazajuarez.mx\/historico\/wp-json\/wp\/v2\/posts\/233028","targetHints":{"allow":["GET"]}}],"collection":[{"href":"https:\/\/plazajuarez.mx\/historico\/wp-json\/wp\/v2\/posts"}],"about":[{"href":"https:\/\/plazajuarez.mx\/historico\/wp-json\/wp\/v2\/types\/post"}],"author":[{"embeddable":true,"href":"https:\/\/plazajuarez.mx\/historico\/wp-json\/wp\/v2\/users\/104"}],"replies":[{"embeddable":true,"href":"https:\/\/plazajuarez.mx\/historico\/wp-json\/wp\/v2\/comments?post=233028"}],"version-history":[{"count":0,"href":"https:\/\/plazajuarez.mx\/historico\/wp-json\/wp\/v2\/posts\/233028\/revisions"}],"wp:featuredmedia":[{"embeddable":true,"href":"https:\/\/plazajuarez.mx\/historico\/wp-json\/wp\/v2\/media\/208208"}],"wp:attachment":[{"href":"https:\/\/plazajuarez.mx\/historico\/wp-json\/wp\/v2\/media?parent=233028"}],"wp:term":[{"taxonomy":"category","embeddable":true,"href":"https:\/\/plazajuarez.mx\/historico\/wp-json\/wp\/v2\/categories?post=233028"},{"taxonomy":"post_tag","embeddable":true,"href":"https:\/\/plazajuarez.mx\/historico\/wp-json\/wp\/v2\/tags?post=233028"}],"curies":[{"name":"wp","href":"https:\/\/api.w.org\/{rel}","templated":true}]}}