{"id":233015,"date":"2022-10-08T08:49:13","date_gmt":"2022-10-08T13:49:13","guid":{"rendered":"https:\/\/plazajuarez.mx\/?p=233015"},"modified":"2022-10-08T08:49:19","modified_gmt":"2022-10-08T13:49:19","slug":"edicion-22-del-festival-de-arte-y-cultura-equinoccio","status":"publish","type":"post","link":"https:\/\/plazajuarez.mx\/historico\/edicion-22-del-festival-de-arte-y-cultura-equinoccio\/","title":{"rendered":"Edici\u00f3n 22 del Festival de Arte y Cultura Equinoccio"},"content":{"rendered":"\n<p class=\"wp-block-paragraph\">El Grupo Interdisciplinario GIA, originario de Tulancingo, prepara las actividades que formar\u00e1n parte del tradicional Festival de Arte y Cultura \u201cEquinoccio\u201d, en su edici\u00f3n n\u00famero 22.<\/p>\n\n\n\n<p class=\"wp-block-paragraph\">Entre ellas se encuentran presentaciones editoriales, exposiciones pl\u00e1sticas y presentaciones musicales, con la participaci\u00f3n de reconocidos artistas hidalguenses, en cada una de las expresiones art\u00edsticas.<\/p>\n\n\n\n<p class=\"wp-block-paragraph\">El pr\u00f3ximo 22 de octubre, es el d\u00eda con m\u00e1s actividades, pues en punto de las 5 de la tarde se inaugurar\u00e1 la exposici\u00f3n pl\u00e1stica titulada \u201cMujer y Musa\u201d,en el Museo del Ferrocarril, a cargo de Joan Hern\u00e1ndez Dom\u00ednguez.<\/p>\n\n\n\n<p class=\"wp-block-paragraph\">Una hora m\u00e1s tarde, la escritora tulancinguense Enid Adriana Carrillo Moedano, presentar\u00e1 su libro \u201cLa noche que nunca termina\u201d, reconocido con el premio Ricardo Garibay; en el Museo del Santo.<\/p>\n\n\n\n<p class=\"wp-block-paragraph\">Y a las 19:00 horas, en el mismo recinto se presentar\u00e1 el d\u00fao de piano y contrabajo \u201cLuna &#8211; Silva\u201d, integrado por los m\u00fasicos Miguel Silva y Arturo Luna.<\/p>\n","protected":false},"excerpt":{"rendered":"<p>El Grupo Interdisciplinario GIA, originario de Tulancingo, prepara las actividades que formar\u00e1n parte del tradicional Festival de Arte y Cultura \u201cEquinoccio\u201d, en su edici\u00f3n n\u00famero 22. Entre ellas se encuentran presentaciones editoriales, exposiciones pl\u00e1sticas y presentaciones musicales, con la participaci\u00f3n de reconocidos artistas hidalguenses, en cada una de las expresiones art\u00edsticas. El pr\u00f3ximo 22 de [&hellip;]<\/p>\n","protected":false},"author":73,"featured_media":233016,"comment_status":"closed","ping_status":"closed","sticky":false,"template":"","format":"standard","meta":{"footnotes":""},"categories":[59,2159],"tags":[],"class_list":["post-233015","post","type-post","status-publish","format-standard","has-post-thumbnail","hentry","category-general","category-noticias-de-hidalgo"],"_links":{"self":[{"href":"https:\/\/plazajuarez.mx\/historico\/wp-json\/wp\/v2\/posts\/233015","targetHints":{"allow":["GET"]}}],"collection":[{"href":"https:\/\/plazajuarez.mx\/historico\/wp-json\/wp\/v2\/posts"}],"about":[{"href":"https:\/\/plazajuarez.mx\/historico\/wp-json\/wp\/v2\/types\/post"}],"author":[{"embeddable":true,"href":"https:\/\/plazajuarez.mx\/historico\/wp-json\/wp\/v2\/users\/73"}],"replies":[{"embeddable":true,"href":"https:\/\/plazajuarez.mx\/historico\/wp-json\/wp\/v2\/comments?post=233015"}],"version-history":[{"count":0,"href":"https:\/\/plazajuarez.mx\/historico\/wp-json\/wp\/v2\/posts\/233015\/revisions"}],"wp:featuredmedia":[{"embeddable":true,"href":"https:\/\/plazajuarez.mx\/historico\/wp-json\/wp\/v2\/media\/233016"}],"wp:attachment":[{"href":"https:\/\/plazajuarez.mx\/historico\/wp-json\/wp\/v2\/media?parent=233015"}],"wp:term":[{"taxonomy":"category","embeddable":true,"href":"https:\/\/plazajuarez.mx\/historico\/wp-json\/wp\/v2\/categories?post=233015"},{"taxonomy":"post_tag","embeddable":true,"href":"https:\/\/plazajuarez.mx\/historico\/wp-json\/wp\/v2\/tags?post=233015"}],"curies":[{"name":"wp","href":"https:\/\/api.w.org\/{rel}","templated":true}]}}