{"id":2330,"date":"2015-03-16T06:00:00","date_gmt":"2015-03-16T06:00:00","guid":{"rendered":"http:\/\/plazajuarez.mx\/index\/index.php\/2015\/03\/16\/universidad-tecnologica-tula-tepeji-logra-colocar-proyectos-para-empresas\/"},"modified":"2015-03-16T06:00:00","modified_gmt":"2015-03-16T06:00:00","slug":"universidad-tecnologica-tula-tepeji-logra-colocar-proyectos-para-empresas","status":"publish","type":"post","link":"https:\/\/plazajuarez.mx\/historico\/universidad-tecnologica-tula-tepeji-logra-colocar-proyectos-para-empresas\/","title":{"rendered":"Universidad Tecnol\u00f3gica Tula-Tepeji,  logra colocar proyectos para empresas"},"content":{"rendered":"<p>UNO PARA CONSTRUIR HORNOS<\/p>\n<p>* El otro permite recuperar componentes electr\u00f3nicos de desechos de aparatos electrodom\u00e9sticos y electr\u00f3nicos<\/p>\n<p>  <!--more-->  <\/p>\n<p>\u00a0<\/p>\n<p>El rector de la Universidad Tecnol\u00f3gica de Tula-Tepej\u00ed, Leodan\u00a0 Portes Vargas\u00a0 inform\u00f3 que actualmente est\u00e1n activos en\u00a0 participaciones y proyectos, en este \u00faltimo indic\u00f3 que de 30,\u00a0 ocho ya les fueron notificados.<\/p>\n<p>\u00a0\u00a0\u00a0\u00a0\u00a0\u00a0\u00a0\u00a0\u00a0\u00a0\u00a0 \u201cHemos recibido la notificaci\u00f3n en\u00a0 empresas de los 30\u00a0 proyectos que se tienen en el estado: ocho son para la Tecnol\u00f3gica Tepej\u00ed, algunos de los cuales son de continuidad en algunas empresa\u201d, asegur\u00f3.<\/p>\n<p>\u00a0\u00a0\u00a0\u00a0\u00a0\u00a0\u00a0\u00a0\u00a0\u00a0\u00a0 Dentro de los mismos indic\u00f3\u00a0 que est\u00e1n\u00a0 trabajando y entregando proyectos del a\u00f1o pasado,\u00a0 como el dise\u00f1o y construcci\u00f3n de\u00a0 unos hornos para empresas t\u00e9rmicas en fabricaci\u00f3n de resortes, y todo el equipamiento.<\/p>\n<p>De igual manera argument\u00f3 que la UTTT dise\u00f1o otro\u00a0 equipo de\u00a0 laboratorio para la recuperaci\u00f3n de componentes electr\u00f3nicos del desecho de aparatos electrodom\u00e9sticos y electr\u00f3nicos, \u201cen un cami\u00f3n\u00a0 se hace \u00a0la recuperaci\u00f3n donde se va recolectando la basura tecnol\u00f3gica\u00a0 y separados en partes para tener productos finales\u201d, explic\u00f3.<\/p>\n<p>\u201cEstamos desarrollando proyectos para seguir con\u00a0 el fortalecimiento de algunos laboratorios, hemos recibido la donaci\u00f3n de una empresa de 2 millones de pesos\u00a0 en equipamiento nuevo, el cual se est\u00e1 poniendo en marcha\u201d, indic\u00f3.<\/p>\n<p>Cabe mencionar que tambi\u00e9n\u00a0 realizan\u00a0 dise\u00f1os en plataformas,\u00a0 unos son de educaci\u00f3n para fines de rob\u00f3tica, en\u00a0 ciencias b\u00e1sicas y aplicadas con empresas locales, entre otros.<\/p>\n<p>Por \u00faltimo el rector Portes Vargas\u00a0 expres\u00f3\u00a0 estar muy contento con un a\u00f1o m\u00e1s de gesti\u00f3n en la que\u00a0 se contar\u00e1 con la apertura educativa de Tepetitl\u00e1n, \u201cNos han informado que pr\u00e1cticamente ya estar\u00edamos listos para recibir los terrenos y eso nos facilita para lo que es la construcci\u00f3n de dicho edificio en esa zona, por lo que esperamos que en pr\u00f3ximo d\u00edas se nos haga la entrega de esos documentos\u201d, finaliz\u00f3.<\/p>\n","protected":false},"excerpt":{"rendered":"<p>UNO PARA CONSTRUIR HORNOS * El otro permite recuperar componentes electr\u00f3nicos de desechos de aparatos electrodom\u00e9sticos y electr\u00f3nicos<\/p>\n","protected":false},"author":93,"featured_media":0,"comment_status":"open","ping_status":"open","sticky":false,"template":"","format":"standard","meta":{"footnotes":""},"categories":[59],"tags":[],"class_list":["post-2330","post","type-post","status-publish","format-standard","hentry","category-general"],"_links":{"self":[{"href":"https:\/\/plazajuarez.mx\/historico\/wp-json\/wp\/v2\/posts\/2330","targetHints":{"allow":["GET"]}}],"collection":[{"href":"https:\/\/plazajuarez.mx\/historico\/wp-json\/wp\/v2\/posts"}],"about":[{"href":"https:\/\/plazajuarez.mx\/historico\/wp-json\/wp\/v2\/types\/post"}],"author":[{"embeddable":true,"href":"https:\/\/plazajuarez.mx\/historico\/wp-json\/wp\/v2\/users\/93"}],"replies":[{"embeddable":true,"href":"https:\/\/plazajuarez.mx\/historico\/wp-json\/wp\/v2\/comments?post=2330"}],"version-history":[{"count":0,"href":"https:\/\/plazajuarez.mx\/historico\/wp-json\/wp\/v2\/posts\/2330\/revisions"}],"wp:attachment":[{"href":"https:\/\/plazajuarez.mx\/historico\/wp-json\/wp\/v2\/media?parent=2330"}],"wp:term":[{"taxonomy":"category","embeddable":true,"href":"https:\/\/plazajuarez.mx\/historico\/wp-json\/wp\/v2\/categories?post=2330"},{"taxonomy":"post_tag","embeddable":true,"href":"https:\/\/plazajuarez.mx\/historico\/wp-json\/wp\/v2\/tags?post=2330"}],"curies":[{"name":"wp","href":"https:\/\/api.w.org\/{rel}","templated":true}]}}