{"id":232851,"date":"2022-10-06T14:59:28","date_gmt":"2022-10-06T19:59:28","guid":{"rendered":"https:\/\/plazajuarez.mx\/?p=232851"},"modified":"2022-10-06T14:59:34","modified_gmt":"2022-10-06T19:59:34","slug":"erika_brionwa","status":"publish","type":"post","link":"https:\/\/plazajuarez.mx\/historico\/erika_brionwa\/","title":{"rendered":"&#8220;Querida Erika, buen viaje y hasta siempre&#8221;"},"content":{"rendered":"\n<p>En el marco de la sesi\u00f3n ordinaria del Congreso del Estado de San Luis Potos\u00ed de este jueves se pidi\u00f3 un receso al momento de saberse la noticia del fallecimiento de la alcaldesa de Villa de Reyes, Erika Briones P\u00e9rez, tras esto, los legisladores rindieron un discurso solemne y un minuto de aplausos en memoria de la funcionaria.<\/p>\n\n\n\n<p>Desde la tribuna del recinto legislativo, el diputado Jos\u00e9 Luis Fern\u00e1ndez Mart\u00ednez y l\u00edder de la bancada del Partido Verde Ecologista de M\u00e9xico (PVEM), fracci\u00f3n parlamentaria mayoritaria, fue acompa\u00f1ado de todos los diputados para realizar un pronunciamiento en torno al lamentable deceso, acto que concluy\u00f3 con un minuto de aplausos.<\/p>\n\n\n\n<p>&#8220;Hoy es un d\u00eda muy triste para nosotros, mandamos un abrazo solidario y nuestro m\u00e1s sentido p\u00e9same a la familia de nuestra compa\u00f1era Erika Irazema Briones P\u00e9rez, a Rodrigo su hijo, nuestro abrazo cari\u00f1oso y elevamos plegarias para su pronta resignaci\u00f3n&#8221;, expres\u00f3.<\/p>\n\n\n\n<p>Record\u00f3 que Briones P\u00e9rez fue dirigente estatal del Partido de la Revoluci\u00f3n Democr\u00e1tica (PRD), regidora del Ayuntamiento de Soledad de Graciano S\u00e1nchez, Diputada Federal en la sexag\u00e9sima tercera legislatura del Congreso de la Uni\u00f3n y Presidenta Municipal de Villa de Reyes desde el 2018 hasta este jueves.<\/p>\n\n\n\n<p>Dijo adem\u00e1s que conoci\u00f3 personalmente a Erika, por lo que asegur\u00f3 que siempre fue una mujer de trabajo, positiva, &#8220;echada para adelante&#8221;, con una alta sensibilidad social y pol\u00edtica, por lo que sin duda alguna fue una gran mujer.<\/p>\n\n\n\n<p>&#8220;Fuimos compa\u00f1eros de lucha, la transformaci\u00f3n de San Luis Potos\u00ed ha sido construida por muchos hombres y mujeres y Erika fue una de ellas&#8221;, reconoci\u00f3.<\/p>\n\n\n\n<p>Indic\u00f3 adem\u00e1s a nombre de todos los integrantes de la actual legislatura que el Congreso del Estado lamenta este fatal accidente &#8220;siempre te vamos a recordar, querida Erika, buen viaje y hasta siempre&#8221;, concluy\u00f3.<\/p>\n","protected":false},"excerpt":{"rendered":"<p>En el marco de la sesi\u00f3n ordinaria del Congreso del Estado de San Luis Potos\u00ed de este jueves se pidi\u00f3 un receso al momento de saberse la noticia del fallecimiento de la alcaldesa de Villa de Reyes, Erika Briones P\u00e9rez, tras esto, los legisladores rindieron un discurso solemne y un minuto de aplausos en memoria [&hellip;]<\/p>\n","protected":false},"author":81,"featured_media":232852,"comment_status":"closed","ping_status":"closed","sticky":false,"template":"","format":"standard","meta":{"footnotes":""},"categories":[15,36,2163],"tags":[],"class_list":["post-232851","post","type-post","status-publish","format-standard","has-post-thumbnail","hentry","category-destacadas","category-nacion","category-noticias-de-slp"],"_links":{"self":[{"href":"https:\/\/plazajuarez.mx\/historico\/wp-json\/wp\/v2\/posts\/232851","targetHints":{"allow":["GET"]}}],"collection":[{"href":"https:\/\/plazajuarez.mx\/historico\/wp-json\/wp\/v2\/posts"}],"about":[{"href":"https:\/\/plazajuarez.mx\/historico\/wp-json\/wp\/v2\/types\/post"}],"author":[{"embeddable":true,"href":"https:\/\/plazajuarez.mx\/historico\/wp-json\/wp\/v2\/users\/81"}],"replies":[{"embeddable":true,"href":"https:\/\/plazajuarez.mx\/historico\/wp-json\/wp\/v2\/comments?post=232851"}],"version-history":[{"count":0,"href":"https:\/\/plazajuarez.mx\/historico\/wp-json\/wp\/v2\/posts\/232851\/revisions"}],"wp:featuredmedia":[{"embeddable":true,"href":"https:\/\/plazajuarez.mx\/historico\/wp-json\/wp\/v2\/media\/232852"}],"wp:attachment":[{"href":"https:\/\/plazajuarez.mx\/historico\/wp-json\/wp\/v2\/media?parent=232851"}],"wp:term":[{"taxonomy":"category","embeddable":true,"href":"https:\/\/plazajuarez.mx\/historico\/wp-json\/wp\/v2\/categories?post=232851"},{"taxonomy":"post_tag","embeddable":true,"href":"https:\/\/plazajuarez.mx\/historico\/wp-json\/wp\/v2\/tags?post=232851"}],"curies":[{"name":"wp","href":"https:\/\/api.w.org\/{rel}","templated":true}]}}