{"id":232848,"date":"2022-10-06T14:52:43","date_gmt":"2022-10-06T19:52:43","guid":{"rendered":"https:\/\/plazajuarez.mx\/?p=232848"},"modified":"2022-10-06T14:52:49","modified_gmt":"2022-10-06T19:52:49","slug":"puente_tula","status":"publish","type":"post","link":"https:\/\/plazajuarez.mx\/historico\/puente_tula\/","title":{"rendered":"Reabri\u00f3 esta ma\u00f1ana el puente Zaragoza en Tula de Allende"},"content":{"rendered":"\n<p>A partir de este jueves, por la ma\u00f1ana, qued\u00f3 abierto el puente Zaragoza en ambas vialidades. Esto luego de que la Comisi\u00f3n Nacional del Agua (Conagua) concluyera la obra h\u00eddrica que se realizaba en esa importante zona del centro de Tula de Allende.<\/p>\n\n\n\n<p>El Gobierno Municipal, destaca que esta acci\u00f3n tiene como objetivo que la vialidad de la ciudad fluya con mayor normalidad y contribuya de forma significativa a la reactivaci\u00f3n de la zona comercial y tur\u00edstica.<\/p>\n\n\n\n<p>El presidente Manuel Hern\u00e1ndez Badillo, inform\u00f3 que la Conagua, en coordinaci\u00f3n con el Gobierno Municipal de Tula, llevaron a cabo la apertura y destac\u00f3 la importancia del trabajo realizado.<\/p>\n\n\n\n<p>Indic\u00f3 que la obra forma parte de otras acciones que se llevan a cabo en coordinaci\u00f3n con el Gobierno de la Rep\u00fablica para prevenir afectaciones como la registrada el seis de septiembre del a\u00f1o pasado y que afect\u00f3 significativamente a quienes viven o realizan actividades en el centro de Tula de Allende.<\/p>\n","protected":false},"excerpt":{"rendered":"<p>A partir de este jueves, por la ma\u00f1ana, qued\u00f3 abierto el puente Zaragoza en ambas vialidades. Esto luego de que la Comisi\u00f3n Nacional del Agua (Conagua) concluyera la obra h\u00eddrica que se realizaba en esa importante zona del centro de Tula de Allende. El Gobierno Municipal, destaca que esta acci\u00f3n tiene como objetivo que la [&hellip;]<\/p>\n","protected":false},"author":93,"featured_media":232849,"comment_status":"closed","ping_status":"closed","sticky":false,"template":"","format":"standard","meta":{"footnotes":""},"categories":[15,59,2159,40],"tags":[],"class_list":["post-232848","post","type-post","status-publish","format-standard","has-post-thumbnail","hentry","category-destacadas","category-general","category-noticias-de-hidalgo","category-region"],"_links":{"self":[{"href":"https:\/\/plazajuarez.mx\/historico\/wp-json\/wp\/v2\/posts\/232848","targetHints":{"allow":["GET"]}}],"collection":[{"href":"https:\/\/plazajuarez.mx\/historico\/wp-json\/wp\/v2\/posts"}],"about":[{"href":"https:\/\/plazajuarez.mx\/historico\/wp-json\/wp\/v2\/types\/post"}],"author":[{"embeddable":true,"href":"https:\/\/plazajuarez.mx\/historico\/wp-json\/wp\/v2\/users\/93"}],"replies":[{"embeddable":true,"href":"https:\/\/plazajuarez.mx\/historico\/wp-json\/wp\/v2\/comments?post=232848"}],"version-history":[{"count":0,"href":"https:\/\/plazajuarez.mx\/historico\/wp-json\/wp\/v2\/posts\/232848\/revisions"}],"wp:featuredmedia":[{"embeddable":true,"href":"https:\/\/plazajuarez.mx\/historico\/wp-json\/wp\/v2\/media\/232849"}],"wp:attachment":[{"href":"https:\/\/plazajuarez.mx\/historico\/wp-json\/wp\/v2\/media?parent=232848"}],"wp:term":[{"taxonomy":"category","embeddable":true,"href":"https:\/\/plazajuarez.mx\/historico\/wp-json\/wp\/v2\/categories?post=232848"},{"taxonomy":"post_tag","embeddable":true,"href":"https:\/\/plazajuarez.mx\/historico\/wp-json\/wp\/v2\/tags?post=232848"}],"curies":[{"name":"wp","href":"https:\/\/api.w.org\/{rel}","templated":true}]}}