{"id":232839,"date":"2022-10-06T14:38:04","date_gmt":"2022-10-06T19:38:04","guid":{"rendered":"https:\/\/plazajuarez.mx\/?p=232839"},"modified":"2022-10-06T14:38:11","modified_gmt":"2022-10-06T19:38:11","slug":"bielorruso","status":"publish","type":"post","link":"https:\/\/plazajuarez.mx\/historico\/bielorruso\/","title":{"rendered":"Presidente bielorruso &#8220;proh\u00edbe&#8221; aumentar precios en el pa\u00eds"},"content":{"rendered":"\n<p> El presidente de Bielorrusia, Alexandr Lukashenko, anunci\u00f3 hoy su decisi\u00f3n de prohibir, con car\u00e1cter de inmediato, el incremento de precios en el pa\u00eds.<\/p>\n\n\n\n<p>Lukashenko hizo el anuncio tras una reuni\u00f3n en Minsk para tratar asuntos econ\u00f3micos, incluyendo la inflaci\u00f3n y el aumento de precios, de acuerdo con la agencia BelTA. El mandatario cuestion\u00f3 lo que llam\u00f3 control y acciones insuficientes para garantizar precios justos.<\/p>\n\n\n\n<p>Al salir de la reuni\u00f3n, Lukashenko dijo que &#8220;a partir del 6 de octubre queda prohibida cualquier subida de precios. Prohibido. A partir de hoy. No desde ma\u00f1ana, sino desde hoy. Para que no se inflen los precios a lo largo del d\u00eda. Por lo tanto, a partir de hoy, se proh\u00edbe el aumento de los precios. Dios no quiera que alguien decida subir los precios o hacer alguna indexaci\u00f3n con car\u00e1cter retroactivo&#8221;.<\/p>\n\n\n\n<p>El pa\u00eds se ve afectado por una fuerte crisis econ\u00f3mica y los precios no han dejado de subir. Lukashenko dijo que podr\u00eda haber excepciones a esta prohibici\u00f3n, y design\u00f3 al ministro de Regulaci\u00f3n Antimonopolio y Comercio, los gobernadores y el alcalde de Minsk como los funcionarios que pueden autorizar un aumento por razones excepcionales.<\/p>\n\n\n\n<p>&#8220;Los precios subieron excesivamente en un momento dado, de lo que nos inform\u00f3 el primer ministro. Pero siguieron creciendo. Subieron en la misma proporci\u00f3n. Hoy los precios son desorbitados. Han tocado techo. Los precios no pueden subir en ning\u00fan sitio. No hay necesidad de hacerlo. Sin embargo, puede haber excepciones. Estas excepciones est\u00e1n bajo el control del ministro y los gobernantes. Eso es todo&#8221;, dijo el mandatario, seg\u00fan BelTA.<\/p>\n\n\n\n<p>Tambi\u00e9n advirti\u00f3 contra cualquier intento de los negocios de cerrar temporalmente para no verse afectados por la prohibici\u00f3n de elevar los precios.<\/p>\n","protected":false},"excerpt":{"rendered":"<p>El presidente de Bielorrusia, Alexandr Lukashenko, anunci\u00f3 hoy su decisi\u00f3n de prohibir, con car\u00e1cter de inmediato, el incremento de precios en el pa\u00eds. Lukashenko hizo el anuncio tras una reuni\u00f3n en Minsk para tratar asuntos econ\u00f3micos, incluyendo la inflaci\u00f3n y el aumento de precios, de acuerdo con la agencia BelTA. El mandatario cuestion\u00f3 lo que [&hellip;]<\/p>\n","protected":false},"author":81,"featured_media":232840,"comment_status":"closed","ping_status":"closed","sticky":false,"template":"","format":"standard","meta":{"footnotes":""},"categories":[31],"tags":[],"class_list":["post-232839","post","type-post","status-publish","format-standard","has-post-thumbnail","hentry","category-orbe"],"_links":{"self":[{"href":"https:\/\/plazajuarez.mx\/historico\/wp-json\/wp\/v2\/posts\/232839","targetHints":{"allow":["GET"]}}],"collection":[{"href":"https:\/\/plazajuarez.mx\/historico\/wp-json\/wp\/v2\/posts"}],"about":[{"href":"https:\/\/plazajuarez.mx\/historico\/wp-json\/wp\/v2\/types\/post"}],"author":[{"embeddable":true,"href":"https:\/\/plazajuarez.mx\/historico\/wp-json\/wp\/v2\/users\/81"}],"replies":[{"embeddable":true,"href":"https:\/\/plazajuarez.mx\/historico\/wp-json\/wp\/v2\/comments?post=232839"}],"version-history":[{"count":0,"href":"https:\/\/plazajuarez.mx\/historico\/wp-json\/wp\/v2\/posts\/232839\/revisions"}],"wp:featuredmedia":[{"embeddable":true,"href":"https:\/\/plazajuarez.mx\/historico\/wp-json\/wp\/v2\/media\/232840"}],"wp:attachment":[{"href":"https:\/\/plazajuarez.mx\/historico\/wp-json\/wp\/v2\/media?parent=232839"}],"wp:term":[{"taxonomy":"category","embeddable":true,"href":"https:\/\/plazajuarez.mx\/historico\/wp-json\/wp\/v2\/categories?post=232839"},{"taxonomy":"post_tag","embeddable":true,"href":"https:\/\/plazajuarez.mx\/historico\/wp-json\/wp\/v2\/tags?post=232839"}],"curies":[{"name":"wp","href":"https:\/\/api.w.org\/{rel}","templated":true}]}}