{"id":2328,"date":"2015-03-16T06:00:00","date_gmt":"2015-03-16T06:00:00","guid":{"rendered":"http:\/\/plazajuarez.mx\/index\/index.php\/2015\/03\/16\/ex-delegada-de-sedesol-afirma-estar-lista-para-lo-que-venga\/"},"modified":"2015-03-16T06:00:00","modified_gmt":"2015-03-16T06:00:00","slug":"ex-delegada-de-sedesol-afirma-estar-lista-para-lo-que-venga","status":"publish","type":"post","link":"https:\/\/plazajuarez.mx\/historico\/ex-delegada-de-sedesol-afirma-estar-lista-para-lo-que-venga\/","title":{"rendered":"Ex delegada de Sedesol, afirma  estar lista, \u201cpara lo que venga\u201d"},"content":{"rendered":"<p><strong>TODAV\u00cdA NO HA RECIBIDO NINGUNA LLAMADA<\/strong><\/p>\n<p>* No descarta una suplencia a alguna diputaci\u00f3n federal<\/p>\n<p>* Patricia Gonz\u00e1lez Valencia, se\u00f1al\u00f3 que por el momento una ciudadana m\u00e1s<\/p>\n<p>  <!--more-->  <\/p>\n<p>\u00a0<\/p>\n<p>La ex delegada de la Secretar\u00eda de Desarrollo Social (Sedesol) en Hidalgo, Patricia Gonz\u00e1lez Valencia, inform\u00f3 que hasta el momento no ha habido alguna propuesta del gobierno federal para que ocupe otro cargo en la administraci\u00f3n p\u00fablica, luego de que fuera removida y ocupara su ahora ex cargo el\u00a0 exdirigente de la Confederaci\u00f3n Nacional Campesina (CNC), On\u00e9simo Serrano Gonz\u00e1lez.<\/p>\n<p>\u00a0<\/p>\n<p>La ex funcionaria y militante del Partido Revolucionario Institucional (PRI), al igual que su hom\u00f3logo, el ex delegado de Liconsa Ernesto V\u00e1zquez Baca, se\u00f1al\u00f3 que por el momento es s\u00f3lo una ciudadana m\u00e1s que se dedica a su familia y que no hay miras por le momento hacia otro cargo como tal.<\/p>\n<p>\u00a0<\/p>\n<p>Sin embargo al ser cuestionada, la delegada no neg\u00f3 que exista la posibilidad de que el PRI la encomiende a alguna suplencia hacia las elecciones a diputados\u00a0 federales el pr\u00f3ximo 7 de junio, por lo que aunque dijo que a\u00fan no hay una petici\u00f3n para tal encargo se\u00f1al\u00f3 estar preparada para todo lo que \u201cprofesionalmente venga en adelante\u201d.<\/p>\n<p>\u00a0<\/p>\n<p>\u201cComo mujer y profesionista debes estar siempre preparada para lo que venga, y es as\u00ed, hoy Patricia Gonz\u00e1lez est\u00e1 en casa, atendiendo a mi hija, a mi familia, pero eso no quiere decir que se deje de tener miras hacia otros rumbos, al contrario son retos que se han ido logrando y estamos listos para lo que venga\u201d, dijo.<\/p>\n<p>\u00a0<\/p>\n<p>Finalmente,\u00a0 extern\u00f3 su reconocimiento hacia el nuevo delegado de la Sedesol, On\u00e9simo Serrano Gonz\u00e1lez, y asever\u00f3 que el trabajo que realiz\u00f3 dej\u00f3 gran huella en todas las personas beneficiadas y\u00a0 aquellos que fueron atendidos durante su gesti\u00f3n, por lo que se dijo satisfecha por el trabajo realizado frente a la dependencia federal en Hidalgo.<\/p>\n","protected":false},"excerpt":{"rendered":"<p>TODAV\u00cdA NO HA RECIBIDO NINGUNA LLAMADA * No descarta una suplencia a alguna diputaci\u00f3n federal * Patricia Gonz\u00e1lez Valencia, se\u00f1al\u00f3 que por el momento una ciudadana m\u00e1s<\/p>\n","protected":false},"author":93,"featured_media":0,"comment_status":"open","ping_status":"open","sticky":false,"template":"","format":"standard","meta":{"footnotes":""},"categories":[59],"tags":[],"class_list":["post-2328","post","type-post","status-publish","format-standard","hentry","category-general"],"_links":{"self":[{"href":"https:\/\/plazajuarez.mx\/historico\/wp-json\/wp\/v2\/posts\/2328","targetHints":{"allow":["GET"]}}],"collection":[{"href":"https:\/\/plazajuarez.mx\/historico\/wp-json\/wp\/v2\/posts"}],"about":[{"href":"https:\/\/plazajuarez.mx\/historico\/wp-json\/wp\/v2\/types\/post"}],"author":[{"embeddable":true,"href":"https:\/\/plazajuarez.mx\/historico\/wp-json\/wp\/v2\/users\/93"}],"replies":[{"embeddable":true,"href":"https:\/\/plazajuarez.mx\/historico\/wp-json\/wp\/v2\/comments?post=2328"}],"version-history":[{"count":0,"href":"https:\/\/plazajuarez.mx\/historico\/wp-json\/wp\/v2\/posts\/2328\/revisions"}],"wp:attachment":[{"href":"https:\/\/plazajuarez.mx\/historico\/wp-json\/wp\/v2\/media?parent=2328"}],"wp:term":[{"taxonomy":"category","embeddable":true,"href":"https:\/\/plazajuarez.mx\/historico\/wp-json\/wp\/v2\/categories?post=2328"},{"taxonomy":"post_tag","embeddable":true,"href":"https:\/\/plazajuarez.mx\/historico\/wp-json\/wp\/v2\/tags?post=2328"}],"curies":[{"name":"wp","href":"https:\/\/api.w.org\/{rel}","templated":true}]}}