{"id":23276,"date":"2016-06-19T14:30:53","date_gmt":"2016-06-19T14:30:53","guid":{"rendered":"http:\/\/plazajuarez.mx\/index\/index.php\/2016\/06\/19\/miguel-rodarte-va-tras-los-machos\/"},"modified":"2016-06-19T14:30:53","modified_gmt":"2016-06-19T14:30:53","slug":"miguel-rodarte-va-tras-los-machos","status":"publish","type":"post","link":"https:\/\/plazajuarez.mx\/historico\/miguel-rodarte-va-tras-los-machos\/","title":{"rendered":"Miguel Rodarte va tras los machos"},"content":{"rendered":"<p>\u201cPIAN, PIANITO\u201d \u00a0\u00a0\u00a0 <br \/>\u00a0\u201cPian, pianito\u201d, se\u00f1ala Miguel Rodarte al referirse a su naciente compa\u00f1\u00eda productora, que se encuentra terminando su primer filme.<\/p>\n<p>  <!--more-->  <\/p>\n<p>\u201cHay planes, pero primero vamos a terminar \u00e9sta\u201d, agrega el actor de El Tigre de Santa Julia y la serie televisiva Los h\u00e9roes del norte. <br \/>El actor fund\u00f3 Rodarte Entertainment, al frente de la cual co levant\u00f3 Macho, comedia que protagoniza en el papel de un modista de talla internacional. <br \/>Antonio Serrano (Sexo, pudor y l\u00e1grimas) est\u00e1 en la direcci\u00f3n y Luis Urquiza (Morelos y Obediencia perfecta) en la producci\u00f3n. <br \/>Aislinn Derbez, Cecilia Su\u00e1rez, Ana de la Reguera y el colombiano Manolo Cardona (El cartel de los sapos) integran el reparto. <br \/>Su estreno se tiene contemplado para fines de este a\u00f1o. <br \/>\u201cYa lo estamos preparando, el lanzamiento para noviembre y estamos contentos; la gente que la ha visto le ha gustado, cumple con que la gente carcajee con una premisa que es completamente inesperada y un desenlace \u00fanico en el cine\u201d, asegura. <br \/>Macho es la segunda producci\u00f3n de Miguel, aunque la primera oficial con su empresa. Anteriormente realiz\u00f3 El cielo es azul, dirigida por Andrew Fierberg, productor de La secretaria, a\u00fan sin fecha de estreno en nuestro pa\u00eds.<\/p>\n","protected":false},"excerpt":{"rendered":"<p>\u201cPIAN, PIANITO\u201d \u00a0\u00a0\u00a0 \u00a0\u201cPian, pianito\u201d, se\u00f1ala Miguel Rodarte al referirse a su naciente compa\u00f1\u00eda productora, que se encuentra terminando su primer filme.<\/p>\n","protected":false},"author":93,"featured_media":0,"comment_status":"open","ping_status":"open","sticky":false,"template":"","format":"standard","meta":{"footnotes":""},"categories":[38],"tags":[],"class_list":["post-23276","post","type-post","status-publish","format-standard","hentry","category-show"],"_links":{"self":[{"href":"https:\/\/plazajuarez.mx\/historico\/wp-json\/wp\/v2\/posts\/23276","targetHints":{"allow":["GET"]}}],"collection":[{"href":"https:\/\/plazajuarez.mx\/historico\/wp-json\/wp\/v2\/posts"}],"about":[{"href":"https:\/\/plazajuarez.mx\/historico\/wp-json\/wp\/v2\/types\/post"}],"author":[{"embeddable":true,"href":"https:\/\/plazajuarez.mx\/historico\/wp-json\/wp\/v2\/users\/93"}],"replies":[{"embeddable":true,"href":"https:\/\/plazajuarez.mx\/historico\/wp-json\/wp\/v2\/comments?post=23276"}],"version-history":[{"count":0,"href":"https:\/\/plazajuarez.mx\/historico\/wp-json\/wp\/v2\/posts\/23276\/revisions"}],"wp:attachment":[{"href":"https:\/\/plazajuarez.mx\/historico\/wp-json\/wp\/v2\/media?parent=23276"}],"wp:term":[{"taxonomy":"category","embeddable":true,"href":"https:\/\/plazajuarez.mx\/historico\/wp-json\/wp\/v2\/categories?post=23276"},{"taxonomy":"post_tag","embeddable":true,"href":"https:\/\/plazajuarez.mx\/historico\/wp-json\/wp\/v2\/tags?post=23276"}],"curies":[{"name":"wp","href":"https:\/\/api.w.org\/{rel}","templated":true}]}}