{"id":232733,"date":"2022-10-06T00:14:25","date_gmt":"2022-10-06T05:14:25","guid":{"rendered":"https:\/\/plazajuarez.mx\/?p=232733"},"modified":"2022-10-06T00:14:31","modified_gmt":"2022-10-06T05:14:31","slug":"militares-al-poder","status":"publish","type":"post","link":"https:\/\/plazajuarez.mx\/historico\/militares-al-poder\/","title":{"rendered":"MILITARES AL PODER"},"content":{"rendered":"\n<h2 class=\"wp-block-heading\">ALFIL NEGRO<\/h2>\n\n\n\n<p>Desde hace 76 a\u00f1os con el general MANUEL \u00c1VILA CAMACHO, M\u00e9xico no tiene como presidente a un militar porque el sentido com\u00fan dice que quienes forman parte de las fuerzas armadas no pueden ni deben tener camino hacia el poder Ejecutivo, para evitar que las armas institucionales entren a la pol\u00edtica para luchar por el poder por todo lo que significa que estas instituciones se mueva en estos terrenos que por obvias razones deben ser para los civiles, en donde las armas no entran en el escenario ,para evitar escenarios inimaginables si se diera esta participaci\u00f3n.<\/p>\n\n\n\n<p>Por esto y para no cerrarles el paso a los militares de participar, se dice que deben pedir licencia al cargo que tengan con mucha anticipaci\u00f3n si quisieran estar en la l\u00ednea de lucha por el poder, para no inmiscuir a las fuerzas armadas en el terreno pol\u00edtico.<\/p>\n\n\n\n<p>Sin embargo como van las cosas, no va a ser raro sobre todo si se sigue la actual pol\u00edtica de darles todo a las fuerzas armadas, que est\u00e1n supliendo a casi todas las instancias civiles de la administraci\u00f3n p\u00fablica por las causas que sean, pero que se entienden como un signo de reprobaci\u00f3n a su funcionamiento, que se pueda pensar que m\u00e1s pronto que tarde surja de las armas un candidato a la presidencia de la Rep\u00fablica y M\u00e9xico vuelva a tener en Palacio Nacional a un general, como ya los tuvo en su historia hasta el a\u00f1o de 1946 con \u00c1vila Camacho.<\/p>\n\n\n\n<p>Hasta este sexenio, nuestro pa\u00eds ha tenido 13 Presidentes de la Rep\u00fablica civiles despu\u00e9s del \u00faltimo militar. Son :Miguel Alem\u00e1n,Adolfo Ru\u00edz Cortines, Adolfo L\u00f3pez Mateos, Gustavo D\u00edaz Ordaz, Jos\u00e9 L\u00f3pez Portillo, Luis Echeverr\u00eda,Miguel de la Madrid, Carlos Salinas, Ernesto Zedillo, Vicente Fox, Felipe Calder\u00f3n, Enrique Pe\u00f1a Nieto y el actual L\u00f3pez Obrador.<\/p>\n\n\n\n<p>Pero en ninguno de estos sexenios los militares han tenido tanta fuerza como en este, donde se encargan pr\u00e1cticamente de todo, construyen aeropuertos, presas, ferrocarriles, son los responsables con sus respectivos presupuestos de las aduanas, de los puertos, de las medicinas, de los asuntos migratorios, tendr\u00e1n ya se anunci\u00f3 su propia l\u00ednea a\u00e9rea, y manejan un presupuesto alt\u00edsimo.<\/p>\n\n\n\n<p>Todo puede pasar.<\/p>\n\n\n\n<p>Latinoam\u00e9rica es ejemplo mundial de la fuerza de los ej\u00e9rcitos en el poder.<\/p>\n\n\n\n<p>El poder legislativo no ha podido frenar este crecimiento ,porque a la hora de votar para crear barreras, los han doblado por la historia personal o de grupo de cada uno, como en la \u00faltima votaci\u00f3n del senado para dejar a las fuerzas armadas hasta el 2028 en las calles de M\u00e9xico con un control civil de risa.<\/p>\n\n\n\n<p>De hecho ya en los hechos las fuerzas armadas ya tienen mucho poder y han relegado a muchos organismos civiles a responsabilidades secundarias.<\/p>\n\n\n\n<p>Algo puede pasar.<\/p>\n\n\n\n<p>Ojal\u00e1 sea para bien del pa\u00eds.<\/p>\n","protected":false},"excerpt":{"rendered":"<p>ALFIL NEGRO Desde hace 76 a\u00f1os con el general MANUEL \u00c1VILA CAMACHO, M\u00e9xico no tiene como presidente a un militar porque el sentido com\u00fan dice que quienes forman parte de las fuerzas armadas no pueden ni deben tener camino hacia el poder Ejecutivo, para evitar que las armas institucionales entren a la pol\u00edtica para luchar [&hellip;]<\/p>\n","protected":false},"author":83,"featured_media":208526,"comment_status":"closed","ping_status":"closed","sticky":false,"template":"","format":"standard","meta":{"footnotes":""},"categories":[48,42],"tags":[],"class_list":["post-232733","post","type-post","status-publish","format-standard","has-post-thumbnail","hentry","category-adalberto-peralta","category-nuestrapalabra"],"_links":{"self":[{"href":"https:\/\/plazajuarez.mx\/historico\/wp-json\/wp\/v2\/posts\/232733","targetHints":{"allow":["GET"]}}],"collection":[{"href":"https:\/\/plazajuarez.mx\/historico\/wp-json\/wp\/v2\/posts"}],"about":[{"href":"https:\/\/plazajuarez.mx\/historico\/wp-json\/wp\/v2\/types\/post"}],"author":[{"embeddable":true,"href":"https:\/\/plazajuarez.mx\/historico\/wp-json\/wp\/v2\/users\/83"}],"replies":[{"embeddable":true,"href":"https:\/\/plazajuarez.mx\/historico\/wp-json\/wp\/v2\/comments?post=232733"}],"version-history":[{"count":0,"href":"https:\/\/plazajuarez.mx\/historico\/wp-json\/wp\/v2\/posts\/232733\/revisions"}],"wp:featuredmedia":[{"embeddable":true,"href":"https:\/\/plazajuarez.mx\/historico\/wp-json\/wp\/v2\/media\/208526"}],"wp:attachment":[{"href":"https:\/\/plazajuarez.mx\/historico\/wp-json\/wp\/v2\/media?parent=232733"}],"wp:term":[{"taxonomy":"category","embeddable":true,"href":"https:\/\/plazajuarez.mx\/historico\/wp-json\/wp\/v2\/categories?post=232733"},{"taxonomy":"post_tag","embeddable":true,"href":"https:\/\/plazajuarez.mx\/historico\/wp-json\/wp\/v2\/tags?post=232733"}],"curies":[{"name":"wp","href":"https:\/\/api.w.org\/{rel}","templated":true}]}}