{"id":232720,"date":"2022-10-06T00:11:02","date_gmt":"2022-10-06T05:11:02","guid":{"rendered":"https:\/\/plazajuarez.mx\/?p=232720"},"modified":"2022-10-06T00:11:24","modified_gmt":"2022-10-06T05:11:24","slug":"dese-por-enterado-1033","status":"publish","type":"post","link":"https:\/\/plazajuarez.mx\/historico\/dese-por-enterado-1033\/","title":{"rendered":"DESE POR ENTERADO"},"content":{"rendered":"\n<p><strong>FORTUNATO ES UNA MALA FORTUNA<\/strong>. &#8211; Ni siquiera su bancada sali\u00f3 en defensa del diputado local <strong>Fortunato Gonz\u00e1lez<\/strong>, ya que le tundieron con todo en el recinto legislativo, luego de querer abanderar causas que no corresponden a su distrito y adem\u00e1s mediante enga\u00f1os, lo que ocasion\u00f3 molestia al interior de su bancada. Legislador por el Grupo Universidad, que desde 1989 lo tiene bajo su protecci\u00f3n, se hace llamar coloquialmente \u201cCompa Nato\u201d, y en Huejutla, de donde es representante popular, se le recuerda por sus l\u00edos con la justicia, y el rescate que hizo de \u00e9l y sus compinches, el l\u00edder m\u00e1ximo del grupo pol\u00edtico citado que tiene bajo su poder a la UAEH. As\u00ed que representante, representante lo que se dice de Morena, pues francamente no. Su \u00fanico patr\u00f3n es quien usted ya sabe.<\/p>\n\n\n\n<figure class=\"wp-block-image size-full\"><img loading=\"lazy\" decoding=\"async\" width=\"1280\" height=\"853\" src=\"https:\/\/plazajuarez.mx\/historico\/historico\/wp-content\/uploads\/2022\/10\/FORTUNATO-ES-UNA-MALA-FORTUNA.-Cortesi\u0301a-.jpg\" alt=\"\" class=\"wp-image-232721\" srcset=\"https:\/\/plazajuarez.mx\/historico\/wp-content\/uploads\/2022\/10\/FORTUNATO-ES-UNA-MALA-FORTUNA.-Cortesi\u0301a-.jpg 1280w, https:\/\/plazajuarez.mx\/historico\/wp-content\/uploads\/2022\/10\/FORTUNATO-ES-UNA-MALA-FORTUNA.-Cortesi\u0301a--768x512.jpg 768w, https:\/\/plazajuarez.mx\/historico\/wp-content\/uploads\/2022\/10\/FORTUNATO-ES-UNA-MALA-FORTUNA.-Cortesi\u0301a--274x183.jpg 274w, https:\/\/plazajuarez.mx\/historico\/wp-content\/uploads\/2022\/10\/FORTUNATO-ES-UNA-MALA-FORTUNA.-Cortesi\u0301a--80x54.jpg 80w, https:\/\/plazajuarez.mx\/historico\/wp-content\/uploads\/2022\/10\/FORTUNATO-ES-UNA-MALA-FORTUNA.-Cortesi\u0301a--130x87.jpg 130w, https:\/\/plazajuarez.mx\/historico\/wp-content\/uploads\/2022\/10\/FORTUNATO-ES-UNA-MALA-FORTUNA.-Cortesi\u0301a--359x240.jpg 359w, https:\/\/plazajuarez.mx\/historico\/wp-content\/uploads\/2022\/10\/FORTUNATO-ES-UNA-MALA-FORTUNA.-Cortesi\u0301a--85x57.jpg 85w, https:\/\/plazajuarez.mx\/historico\/wp-content\/uploads\/2022\/10\/FORTUNATO-ES-UNA-MALA-FORTUNA.-Cortesi\u0301a--546x365.jpg 546w, https:\/\/plazajuarez.mx\/historico\/wp-content\/uploads\/2022\/10\/FORTUNATO-ES-UNA-MALA-FORTUNA.-Cortesi\u0301a--165x109.jpg 165w, https:\/\/plazajuarez.mx\/historico\/wp-content\/uploads\/2022\/10\/FORTUNATO-ES-UNA-MALA-FORTUNA.-Cortesi\u0301a--112x75.jpg 112w, https:\/\/plazajuarez.mx\/historico\/wp-content\/uploads\/2022\/10\/FORTUNATO-ES-UNA-MALA-FORTUNA.-Cortesi\u0301a--179x120.jpg 179w, https:\/\/plazajuarez.mx\/historico\/wp-content\/uploads\/2022\/10\/FORTUNATO-ES-UNA-MALA-FORTUNA.-Cortesi\u0301a--170x113.jpg 170w, https:\/\/plazajuarez.mx\/historico\/wp-content\/uploads\/2022\/10\/FORTUNATO-ES-UNA-MALA-FORTUNA.-Cortesi\u0301a--81x55.jpg 81w, https:\/\/plazajuarez.mx\/historico\/wp-content\/uploads\/2022\/10\/FORTUNATO-ES-UNA-MALA-FORTUNA.-Cortesi\u0301a--765x510.jpg 765w\" sizes=\"auto, (max-width: 1280px) 100vw, 1280px\" \/><\/figure>\n\n\n\n<p><strong>EL DR. FRANKESTEIN EN LA UAEH<\/strong>. \u2013 No, no piense que es alguien del Grupo Universidad. No se\u00f1or, el doctor V\u00edctor Frankenstein es un maestro del Instituto de Ciencias de la Salud, quien decidi\u00f3 que pod\u00eda usar a sus alumnos para colocarles electrodos en el cuerpo, ponerles una venda en los ojos y grabarlos, qui\u00e9n sabe con qu\u00e9 objetivo. El chisme ya corri\u00f3 por todos lados, porque adem\u00e1s tuvo la ocurrencia de subir el video al chat que tienen con los estudiantes en el whats, y aunque lo borr\u00f3, pues no falt\u00f3 el que baj\u00f3 las im\u00e1genes y ahora menuda bronca que trae el profe que se crey\u00f3 el doctor Frankenstein.<\/p>\n\n\n<div class=\"wp-block-image\">\n<figure class=\"aligncenter size-full\"><img loading=\"lazy\" decoding=\"async\" width=\"720\" height=\"480\" src=\"https:\/\/plazajuarez.mx\/historico\/historico\/wp-content\/uploads\/2022\/10\/EL-DR.-FRANKESTEIN-EN-LA-UAEH.-\u2013Ilustrativa-.jpg\" alt=\"\" class=\"wp-image-232722\" srcset=\"https:\/\/plazajuarez.mx\/historico\/wp-content\/uploads\/2022\/10\/EL-DR.-FRANKESTEIN-EN-LA-UAEH.-\u2013Ilustrativa-.jpg 720w, https:\/\/plazajuarez.mx\/historico\/wp-content\/uploads\/2022\/10\/EL-DR.-FRANKESTEIN-EN-LA-UAEH.-\u2013Ilustrativa--274x183.jpg 274w, https:\/\/plazajuarez.mx\/historico\/wp-content\/uploads\/2022\/10\/EL-DR.-FRANKESTEIN-EN-LA-UAEH.-\u2013Ilustrativa--80x54.jpg 80w, https:\/\/plazajuarez.mx\/historico\/wp-content\/uploads\/2022\/10\/EL-DR.-FRANKESTEIN-EN-LA-UAEH.-\u2013Ilustrativa--130x87.jpg 130w, https:\/\/plazajuarez.mx\/historico\/wp-content\/uploads\/2022\/10\/EL-DR.-FRANKESTEIN-EN-LA-UAEH.-\u2013Ilustrativa--359x240.jpg 359w, https:\/\/plazajuarez.mx\/historico\/wp-content\/uploads\/2022\/10\/EL-DR.-FRANKESTEIN-EN-LA-UAEH.-\u2013Ilustrativa--85x57.jpg 85w, https:\/\/plazajuarez.mx\/historico\/wp-content\/uploads\/2022\/10\/EL-DR.-FRANKESTEIN-EN-LA-UAEH.-\u2013Ilustrativa--546x365.jpg 546w, https:\/\/plazajuarez.mx\/historico\/wp-content\/uploads\/2022\/10\/EL-DR.-FRANKESTEIN-EN-LA-UAEH.-\u2013Ilustrativa--165x109.jpg 165w, https:\/\/plazajuarez.mx\/historico\/wp-content\/uploads\/2022\/10\/EL-DR.-FRANKESTEIN-EN-LA-UAEH.-\u2013Ilustrativa--112x75.jpg 112w, https:\/\/plazajuarez.mx\/historico\/wp-content\/uploads\/2022\/10\/EL-DR.-FRANKESTEIN-EN-LA-UAEH.-\u2013Ilustrativa--179x120.jpg 179w, https:\/\/plazajuarez.mx\/historico\/wp-content\/uploads\/2022\/10\/EL-DR.-FRANKESTEIN-EN-LA-UAEH.-\u2013Ilustrativa--170x113.jpg 170w, https:\/\/plazajuarez.mx\/historico\/wp-content\/uploads\/2022\/10\/EL-DR.-FRANKESTEIN-EN-LA-UAEH.-\u2013Ilustrativa--81x55.jpg 81w, https:\/\/plazajuarez.mx\/historico\/wp-content\/uploads\/2022\/10\/EL-DR.-FRANKESTEIN-EN-LA-UAEH.-\u2013Ilustrativa--765x510.jpg 765w\" sizes=\"auto, (max-width: 720px) 100vw, 720px\" \/><\/figure>\n<\/div>\n\n\n<p><strong>MIGUEL OSORIO Y NUVIA MAYORGA. CADA QUIEN POR SU LADO<\/strong> \u2013 Esta vez la historia fue diferente. Por vez primera la senadora hidalguense, <strong>Nuvia Mayorga Delgado<\/strong>, vot\u00f3 no solo diferente, sino en contra de su paisano, <strong>Miguel \u00c1ngel Osorio Chong<\/strong>, cuando la primera lo hizo a favor de que las Fuerzas Armadas (el Ej\u00e9rcito), en labores de seguridad se queden hasta el 2028, y el segundo en contra. No cabe duda que hay un genio de la malicia que ha logrado meter discordia hasta donde nunca se hubiera pensado.<\/p>\n\n\n<div class=\"wp-block-image\">\n<figure class=\"aligncenter size-full\"><img loading=\"lazy\" decoding=\"async\" width=\"479\" height=\"479\" src=\"https:\/\/plazajuarez.mx\/historico\/historico\/wp-content\/uploads\/2022\/10\/MIGUEL-OSORIO-Y-NUVA-MAYORGA.-CADA-QUIEN-POR-SU-LADO-\u2013-_Facebook-Miguel-A\u0301ngel-Osorio-Chong.jpeg\" alt=\"\" class=\"wp-image-232723\" srcset=\"https:\/\/plazajuarez.mx\/historico\/wp-content\/uploads\/2022\/10\/MIGUEL-OSORIO-Y-NUVA-MAYORGA.-CADA-QUIEN-POR-SU-LADO-\u2013-_Facebook-Miguel-A\u0301ngel-Osorio-Chong.jpeg 479w, https:\/\/plazajuarez.mx\/historico\/wp-content\/uploads\/2022\/10\/MIGUEL-OSORIO-Y-NUVA-MAYORGA.-CADA-QUIEN-POR-SU-LADO-\u2013-_Facebook-Miguel-A\u0301ngel-Osorio-Chong-36x36.jpeg 36w\" sizes=\"auto, (max-width: 479px) 100vw, 479px\" \/><\/figure>\n<\/div>\n\n\n<p><strong>\u00bfQUI\u00c9N PARA LA FISCAL\u00cdA ANTICORRUPCI\u00d3N? <\/strong>-Antes del d\u00eda 25 del presente mes, tendr\u00e1 que haber nuevo Fiscal Anticorrupci\u00f3n, luego que concluy\u00f3 su gesti\u00f3n <strong>Ricardo Gonz\u00e1lez Ba\u00f1os<\/strong>, a quien, muy en el estilo de los que todo ven mal y condenan con energ\u00eda, ya le colgaron el San Benito de que poco hizo. La realidad es que, en estos tiempos justicieros del L\u00e1tigo Negro, es de esperarse que coloquen a un fiscal con todo el estilo de anunciar a diestra y siniestra actos de corrupci\u00f3n. Ya si derivan en encarcelamientos es otro asunto.<\/p>\n\n\n\n<figure class=\"wp-block-image size-full\"><img loading=\"lazy\" decoding=\"async\" width=\"1004\" height=\"658\" src=\"https:\/\/plazajuarez.mx\/historico\/historico\/wp-content\/uploads\/2022\/10\/\u00bfQUIE\u0301N-PARA-LA-FISCALI\u0301A-ANTICORRUPCIO\u0301N_-Especial-.jpg\" alt=\"\" class=\"wp-image-232724\" srcset=\"https:\/\/plazajuarez.mx\/historico\/wp-content\/uploads\/2022\/10\/\u00bfQUIE\u0301N-PARA-LA-FISCALI\u0301A-ANTICORRUPCIO\u0301N_-Especial-.jpg 1004w, https:\/\/plazajuarez.mx\/historico\/wp-content\/uploads\/2022\/10\/\u00bfQUIE\u0301N-PARA-LA-FISCALI\u0301A-ANTICORRUPCIO\u0301N_-Especial--768x503.jpg 768w, https:\/\/plazajuarez.mx\/historico\/wp-content\/uploads\/2022\/10\/\u00bfQUIE\u0301N-PARA-LA-FISCALI\u0301A-ANTICORRUPCIO\u0301N_-Especial--85x57.jpg 85w, https:\/\/plazajuarez.mx\/historico\/wp-content\/uploads\/2022\/10\/\u00bfQUIE\u0301N-PARA-LA-FISCALI\u0301A-ANTICORRUPCIO\u0301N_-Especial--165x109.jpg 165w, https:\/\/plazajuarez.mx\/historico\/wp-content\/uploads\/2022\/10\/\u00bfQUIE\u0301N-PARA-LA-FISCALI\u0301A-ANTICORRUPCIO\u0301N_-Especial--179x116.jpg 179w\" sizes=\"auto, (max-width: 1004px) 100vw, 1004px\" \/><\/figure>\n\n\n\n<p><strong>Aviso para que no digan: Esta columna se nutre de comentarios recabados por agencias del Recontra-Espionaje, muy similares a las que populariz\u00f3 el \u201cS\u00faper Agente 86\u201d en sus tiempos. Como tal lo que publicamos puede que sea cierto, puede que no, o todo lo contrario. Est\u00e1 usted en libertad de creer o no lo que lee, recontra-enojarse, recontra- carcajearse y hasta recontra-recordarnos a nuestra jefecita (nosotros recontra-haremos lo propio). Avisado est\u00e1 usted.&nbsp;<\/strong><\/p>\n\n\n\n<p><strong>desexenterado@gmail.com @desexenterado&nbsp;<\/strong><\/p>\n","protected":false},"excerpt":{"rendered":"<p>FORTUNATO ES UNA MALA FORTUNA. &#8211; Ni siquiera su bancada sali\u00f3 en defensa del diputado local Fortunato Gonz\u00e1lez, ya que le tundieron con todo en el recinto legislativo, luego de querer abanderar causas que no corresponden a su distrito y adem\u00e1s mediante enga\u00f1os, lo que ocasion\u00f3 molestia al interior de su bancada. Legislador por el [&hellip;]<\/p>\n","protected":false},"author":93,"featured_media":208507,"comment_status":"closed","ping_status":"closed","sticky":false,"template":"","format":"standard","meta":{"footnotes":""},"categories":[83],"tags":[],"class_list":["post-232720","post","type-post","status-publish","format-standard","has-post-thumbnail","hentry","category-dese-por-enterado"],"_links":{"self":[{"href":"https:\/\/plazajuarez.mx\/historico\/wp-json\/wp\/v2\/posts\/232720","targetHints":{"allow":["GET"]}}],"collection":[{"href":"https:\/\/plazajuarez.mx\/historico\/wp-json\/wp\/v2\/posts"}],"about":[{"href":"https:\/\/plazajuarez.mx\/historico\/wp-json\/wp\/v2\/types\/post"}],"author":[{"embeddable":true,"href":"https:\/\/plazajuarez.mx\/historico\/wp-json\/wp\/v2\/users\/93"}],"replies":[{"embeddable":true,"href":"https:\/\/plazajuarez.mx\/historico\/wp-json\/wp\/v2\/comments?post=232720"}],"version-history":[{"count":0,"href":"https:\/\/plazajuarez.mx\/historico\/wp-json\/wp\/v2\/posts\/232720\/revisions"}],"wp:featuredmedia":[{"embeddable":true,"href":"https:\/\/plazajuarez.mx\/historico\/wp-json\/wp\/v2\/media\/208507"}],"wp:attachment":[{"href":"https:\/\/plazajuarez.mx\/historico\/wp-json\/wp\/v2\/media?parent=232720"}],"wp:term":[{"taxonomy":"category","embeddable":true,"href":"https:\/\/plazajuarez.mx\/historico\/wp-json\/wp\/v2\/categories?post=232720"},{"taxonomy":"post_tag","embeddable":true,"href":"https:\/\/plazajuarez.mx\/historico\/wp-json\/wp\/v2\/tags?post=232720"}],"curies":[{"name":"wp","href":"https:\/\/api.w.org\/{rel}","templated":true}]}}