{"id":23262,"date":"2016-06-19T14:19:43","date_gmt":"2016-06-19T14:19:43","guid":{"rendered":"http:\/\/plazajuarez.mx\/index\/index.php\/2016\/06\/19\/morena-presenta-queja-ante-ine-contra-aurelio-nuno\/"},"modified":"2016-06-19T14:19:43","modified_gmt":"2016-06-19T14:19:43","slug":"morena-presenta-queja-ante-ine-contra-aurelio-nuno","status":"publish","type":"post","link":"https:\/\/plazajuarez.mx\/historico\/morena-presenta-queja-ante-ine-contra-aurelio-nuno\/","title":{"rendered":"Morena presenta queja ante INE contra Aurelio Nu\u00f1o"},"content":{"rendered":"<p>Por manifestaciones contra el partido<br \/>\u25cf\u00a0\u00a0\u00a0 \u201cDenigra mediante apreciaciones puramente subjetivas a nuestro partido y calumnia a Andr\u00e9s Manuel L\u00f3pez Obrador, dirigente de ese instituto\u201d<\/p>\n<p>  <!--more-->  <\/p>\n<p>Morena present\u00f3 una queja ante el Instituto Nacional Electoral (INE), con solicitud de medidas cautelares, en contra de Aurelio Nu\u00f1o Mayer, en su car\u00e1cter de Secretario de Educaci\u00f3n, por diversas manifestaciones hechas en contra de dicho partido.<br \/>Horacio Duarte, representante de Morena ante el INE, indic\u00f3 que el d\u00eda 13 de junio de 2016, el funcionario realiz\u00f3 diversas declaraciones p\u00fablicas que \u201ccolocan en franca inequidad a Morena frente a los dem\u00e1s partidos pol\u00edticos, pues sin fundamento alguno denigra mediante apreciaciones puramente subjetivas a nuestro partido y calumnia a Andr\u00e9s Manuel L\u00f3pez Obrador (dirigente de ese instituto)\u201d.<br \/>Coment\u00f3 que Nu\u00f1o es militante del PRI, y sus manifestaciones tienen el doble objetivo de afectar la imagen de Morena para disminuir la preferencia electoral obtenida en los procesos electorales pasados.<br \/>Con ello, consider\u00f3 que busca beneficiar a su partido, usando recursos p\u00fablicos cuando est\u00e1 obligado a preservar el principio de neutralidad, lo que en este caso no ocurre.<br \/>\u201cVemos sin duda una clara estrategia del PRI a trav\u00e9s del gobierno federal, para atacar reiteradamente a Morena; recordemos que el secretario de Gobernaci\u00f3n, en plena veda electoral sali\u00f3 a calumniar a L\u00f3pez Obrador\u201d, explic\u00f3 en un comunicado.<br \/>Reiter\u00f3 que su partido apoya la lucha de los maestros de la Coordinadora Nacional de Trabajadores de la Educaci\u00f3n (CNTE).<br \/>Morena ya present\u00f3 una queja similar en contra del titular, Miguel \u00c1ngel Osorio, por atacar a Morena en plena veda electoral. Aunque las \u00e1reas ejecutivas del INE y un consejero electoral propusieron hacerle un llamado de atenci\u00f3n para que evitara hacer esas denotaciones, dos integrantes de la Comisi\u00f3n de Quejas y Denuncias frenaron ese proyecto.<\/p>\n","protected":false},"excerpt":{"rendered":"<p>Por manifestaciones contra el partido\u25cf\u00a0\u00a0\u00a0 \u201cDenigra mediante apreciaciones puramente subjetivas a nuestro partido y calumnia a Andr\u00e9s Manuel L\u00f3pez Obrador, dirigente de ese instituto\u201d<\/p>\n","protected":false},"author":93,"featured_media":0,"comment_status":"open","ping_status":"open","sticky":false,"template":"","format":"standard","meta":{"footnotes":""},"categories":[36],"tags":[],"class_list":["post-23262","post","type-post","status-publish","format-standard","hentry","category-nacion"],"_links":{"self":[{"href":"https:\/\/plazajuarez.mx\/historico\/wp-json\/wp\/v2\/posts\/23262","targetHints":{"allow":["GET"]}}],"collection":[{"href":"https:\/\/plazajuarez.mx\/historico\/wp-json\/wp\/v2\/posts"}],"about":[{"href":"https:\/\/plazajuarez.mx\/historico\/wp-json\/wp\/v2\/types\/post"}],"author":[{"embeddable":true,"href":"https:\/\/plazajuarez.mx\/historico\/wp-json\/wp\/v2\/users\/93"}],"replies":[{"embeddable":true,"href":"https:\/\/plazajuarez.mx\/historico\/wp-json\/wp\/v2\/comments?post=23262"}],"version-history":[{"count":0,"href":"https:\/\/plazajuarez.mx\/historico\/wp-json\/wp\/v2\/posts\/23262\/revisions"}],"wp:attachment":[{"href":"https:\/\/plazajuarez.mx\/historico\/wp-json\/wp\/v2\/media?parent=23262"}],"wp:term":[{"taxonomy":"category","embeddable":true,"href":"https:\/\/plazajuarez.mx\/historico\/wp-json\/wp\/v2\/categories?post=23262"},{"taxonomy":"post_tag","embeddable":true,"href":"https:\/\/plazajuarez.mx\/historico\/wp-json\/wp\/v2\/tags?post=23262"}],"curies":[{"name":"wp","href":"https:\/\/api.w.org\/{rel}","templated":true}]}}