{"id":23261,"date":"2016-06-19T14:19:33","date_gmt":"2016-06-19T14:19:33","guid":{"rendered":"http:\/\/plazajuarez.mx\/index\/index.php\/2016\/06\/19\/arquidiocesis-ofrece-mediar-en-conflicto-magisterial\/"},"modified":"2016-06-19T14:19:33","modified_gmt":"2016-06-19T14:19:33","slug":"arquidiocesis-ofrece-mediar-en-conflicto-magisterial","status":"publish","type":"post","link":"https:\/\/plazajuarez.mx\/historico\/arquidiocesis-ofrece-mediar-en-conflicto-magisterial\/","title":{"rendered":"Arquidi\u00f3cesis ofrece mediar en conflicto magisterial"},"content":{"rendered":"<p>La arquidi\u00f3cesis de Tuxtla Guti\u00e9rrez se ofreci\u00f3 como mediadora entre el gobierno federal y la Coordinadora Nacional de Trabajadores de la Educaci\u00f3n (CNTE) para que se solucione el conflicto entre ambas partes y se suspendan el paro de labores y el plant\u00f3n masivo instalado por los profesores en el centro de la capital del estado desde el pasado 15 de mayo.<\/p>\n<p>  <!--more-->  <\/p>\n<p>\u201cPara seguir creando un Chiapas en armon\u00eda y paz nos comprometemos como iglesia a ser sujetos de medici\u00f3n para el di\u00e1logo entre las partes involucradas ofreciendo espacios y medios desde la oraci\u00f3n hasta el acercamiento personal en la b\u00fasqueda de soluciones\u201d, dijo el arzobispo Fabio Mart\u00ednez Castilla.<br \/>En conferencia de prensa, agreg\u00f3 que \u201ccomo iglesia consideramos que toda reforma educativa, para ser aut\u00e9ntica tiene que ser integral e incluyente, que priorice, promueva y proteja la dignidad de las personas, el bien com\u00fan, las necesidades sociales, las caracter\u00edsticas de la cultura y la din\u00e1mica del conocimiento\u201d.<br \/>Sostuvo que \u201cla problem\u00e1tica de Chiapas es seria y compleja y todos somos responsables, y la situaci\u00f3n magisterial es un punto neur\u00e1lgico\u201d.<\/p>\n","protected":false},"excerpt":{"rendered":"<p>La arquidi\u00f3cesis de Tuxtla Guti\u00e9rrez se ofreci\u00f3 como mediadora entre el gobierno federal y la Coordinadora Nacional de Trabajadores de la Educaci\u00f3n (CNTE) para que se solucione el conflicto entre ambas partes y se suspendan el paro de labores y el plant\u00f3n masivo instalado por los profesores en el centro de la capital del estado [&hellip;]<\/p>\n","protected":false},"author":93,"featured_media":0,"comment_status":"open","ping_status":"open","sticky":false,"template":"","format":"standard","meta":{"footnotes":""},"categories":[36],"tags":[],"class_list":["post-23261","post","type-post","status-publish","format-standard","hentry","category-nacion"],"_links":{"self":[{"href":"https:\/\/plazajuarez.mx\/historico\/wp-json\/wp\/v2\/posts\/23261","targetHints":{"allow":["GET"]}}],"collection":[{"href":"https:\/\/plazajuarez.mx\/historico\/wp-json\/wp\/v2\/posts"}],"about":[{"href":"https:\/\/plazajuarez.mx\/historico\/wp-json\/wp\/v2\/types\/post"}],"author":[{"embeddable":true,"href":"https:\/\/plazajuarez.mx\/historico\/wp-json\/wp\/v2\/users\/93"}],"replies":[{"embeddable":true,"href":"https:\/\/plazajuarez.mx\/historico\/wp-json\/wp\/v2\/comments?post=23261"}],"version-history":[{"count":0,"href":"https:\/\/plazajuarez.mx\/historico\/wp-json\/wp\/v2\/posts\/23261\/revisions"}],"wp:attachment":[{"href":"https:\/\/plazajuarez.mx\/historico\/wp-json\/wp\/v2\/media?parent=23261"}],"wp:term":[{"taxonomy":"category","embeddable":true,"href":"https:\/\/plazajuarez.mx\/historico\/wp-json\/wp\/v2\/categories?post=23261"},{"taxonomy":"post_tag","embeddable":true,"href":"https:\/\/plazajuarez.mx\/historico\/wp-json\/wp\/v2\/tags?post=23261"}],"curies":[{"name":"wp","href":"https:\/\/api.w.org\/{rel}","templated":true}]}}