{"id":23260,"date":"2016-06-19T14:18:11","date_gmt":"2016-06-19T14:18:11","guid":{"rendered":"http:\/\/plazajuarez.mx\/index\/index.php\/2016\/06\/19\/basave-renuncia-a-la-dirigencia-del-prd\/"},"modified":"2016-06-19T14:18:11","modified_gmt":"2016-06-19T14:18:11","slug":"basave-renuncia-a-la-dirigencia-del-prd","status":"publish","type":"post","link":"https:\/\/plazajuarez.mx\/historico\/basave-renuncia-a-la-dirigencia-del-prd\/","title":{"rendered":"Basave renuncia a la dirigencia del PRD"},"content":{"rendered":"<p>El \u201cChucho Mayor\u201d rompi\u00f3 un acuerdo<\/p>\n<p>  <!--more-->  <\/p>\n<p>Basave critic\u00f3 al coordinador de Nueva Izquierda, Jes\u00fas Ortega, por romper el acuerdo de dejarle a \u00e9l anunciar su decisi\u00f3n de dejar la presidencia del partido el 2 de julio. &#8220;Lo lamento, porque cualquier presidente tiene el derecho de decir c\u00f3mo y cu\u00e1ndo anunciar su renuncia&#8221;. Espero que mi renuncia ayude a detonar la voluntad de cambio que necesita el PRD, a fin de permitir que el partido pueda convertirse en la fuerza que gobierne al pa\u00eds.<\/p>\n<p>Agust\u00edn Basave present\u00f3 su renuncia con car\u00e1cter irrevocable a la presidencia nacional del PRD, la cual ser\u00e1 efectiva a partir del 2 de julio, al titular del Consejo Nacional de ese partido, \u00c1ngel \u00c1vila.<br \/>En su carta de renuncia, se\u00f1al\u00f3 que es dif\u00edcil dirigir al instituto pol\u00edtico por sus problemas de gobernabilidad y dijo que las corrientes act\u00faan en m\u00e1s de un sentido, como si cada una de ellas fuera un partido pol\u00edtico.<br \/>Se\u00f1al\u00f3 que la normatividad interna y la cultura pol\u00edtica imperante obstaculizaron su presidencia \u201cal grado de que antes de cumplir dos meses en el cargo tuve que poner mi renuncia sobre la mesa para afianzar mi autoridad y sacar adelante las alianzas que consider\u00e9 y considero indispensables para derrotar al PRI y crear buenos gobiernos para los mexicanos\u201d.<br \/>Afirm\u00f3 que hay un desgaste de su dirigencia que no puede revertirse y en ese contexto \u201ces imposible llevar a cabo acciones vitales que puse como condici\u00f3n ante quienes me propusieron convertirme en presidente del partido\u201d<br \/>Dijo que no est\u00e1 dispuesto a afiliarse a una corriente ni a formar parte de un bloque y dado que la gobernabilidad en el partido es m\u00e1s precaria ha decidido renunciar a la presidencia del CEN del PRD, dijo que corresponder\u00e1 al consejo nacional el pr\u00f3ximo 2 de julio decidir qui\u00e9n lo sustituir\u00e1.<\/p>\n","protected":false},"excerpt":{"rendered":"<p>El \u201cChucho Mayor\u201d rompi\u00f3 un acuerdo<\/p>\n","protected":false},"author":93,"featured_media":0,"comment_status":"open","ping_status":"open","sticky":false,"template":"","format":"standard","meta":{"footnotes":""},"categories":[36],"tags":[],"class_list":["post-23260","post","type-post","status-publish","format-standard","hentry","category-nacion"],"_links":{"self":[{"href":"https:\/\/plazajuarez.mx\/historico\/wp-json\/wp\/v2\/posts\/23260","targetHints":{"allow":["GET"]}}],"collection":[{"href":"https:\/\/plazajuarez.mx\/historico\/wp-json\/wp\/v2\/posts"}],"about":[{"href":"https:\/\/plazajuarez.mx\/historico\/wp-json\/wp\/v2\/types\/post"}],"author":[{"embeddable":true,"href":"https:\/\/plazajuarez.mx\/historico\/wp-json\/wp\/v2\/users\/93"}],"replies":[{"embeddable":true,"href":"https:\/\/plazajuarez.mx\/historico\/wp-json\/wp\/v2\/comments?post=23260"}],"version-history":[{"count":0,"href":"https:\/\/plazajuarez.mx\/historico\/wp-json\/wp\/v2\/posts\/23260\/revisions"}],"wp:attachment":[{"href":"https:\/\/plazajuarez.mx\/historico\/wp-json\/wp\/v2\/media?parent=23260"}],"wp:term":[{"taxonomy":"category","embeddable":true,"href":"https:\/\/plazajuarez.mx\/historico\/wp-json\/wp\/v2\/categories?post=23260"},{"taxonomy":"post_tag","embeddable":true,"href":"https:\/\/plazajuarez.mx\/historico\/wp-json\/wp\/v2\/tags?post=23260"}],"curies":[{"name":"wp","href":"https:\/\/api.w.org\/{rel}","templated":true}]}}