{"id":2326,"date":"2015-03-16T06:00:00","date_gmt":"2015-03-16T06:00:00","guid":{"rendered":"http:\/\/plazajuarez.mx\/index\/index.php\/2015\/03\/16\/retratos-hablados-38\/"},"modified":"2015-03-16T06:00:00","modified_gmt":"2015-03-16T06:00:00","slug":"retratos-hablados-38","status":"publish","type":"post","link":"https:\/\/plazajuarez.mx\/historico\/retratos-hablados-38\/","title":{"rendered":"RETRATOS HABLADOS  \u00a0"},"content":{"rendered":"<ul>\n<li><strong><em>Cronopio<\/em>, un nuevo producto<\/strong><\/li>\n<\/ul>\n<p><strong>de Grupo Editorial Aljibe<\/strong><\/p>\n<p>  <!--more-->  <\/p>\n<p>\u00a0<\/p>\n<p>El d\u00eda de ayer pusimos en circulaci\u00f3n de manera simult\u00e1nea en el Distrito Federal y el estado de Hidalgo, el peri\u00f3dico <strong><em>Cronopio.- Periodismo Cultural<\/em><\/strong>, que bajo la direcci\u00f3n del periodista <strong>Carlos Bustamante Hern\u00e1ndez<\/strong>, circular\u00e1 quincenalmente en pr\u00e1cticamente todo el Valle de M\u00e9xico y nuestra entidad.<\/p>\n<p>\u00a0\u00a0\u00a0\u00a0\u00a0\u00a0\u00a0\u00a0\u00a0\u00a0\u00a0 Con 32 p\u00e1ginas tama\u00f1o tabloide, <strong><em>Cronopio <\/em><\/strong>reaparece en lo que es su segunda \u00e9poca, luego de haber tenido una fruct\u00edfera vida de 21 a\u00f1os en la capital del pa\u00eds, siempre bajo la gu\u00eda de <strong>Bustamente Hern\u00e1ndez<\/strong>, distinguido reportero de la fuente cultural en el <strong><em>Unom\u00e1sUno<\/em> de Manuel Becerra Acosta.<\/strong><\/p>\n<p>\u00a0\u00a0\u00a0\u00a0\u00a0\u00a0\u00a0\u00a0\u00a0\u00a0\u00a0 As\u00ed que se trata de un nuevo producto del <strong><em>Grupo Editorial Aljibe<\/em><\/strong>, que cotidianamente edita su <strong><em>Diario PLAZA JU\u00c1REZ<\/em><\/strong>, el portal <a href=\"http:\/\/www.plazajuarez.mx\/historico\/historico\"><strong><em>www.plazajuarez.mx\/historico\/historico<\/em><\/strong><\/a><strong><em>,<\/em><\/strong> y <strong><em>Radio Plaza Ju\u00e1rez<\/em><\/strong> en internet.<\/p>\n<p>\u00a0\u00a0\u00a0\u00a0\u00a0\u00a0\u00a0\u00a0\u00a0\u00a0\u00a0 Apostamos de manera fundamental a un buen periodismo, en este caso especializado en el aspecto cultural, con una publicaci\u00f3n que cuenta entre sus colaboradores con la participaci\u00f3n de <strong>Gerardo de la Torre, Jos\u00e9 Gonz\u00e1lez G\u00e1lvez y Alejandro Vel\u00e1squez Estrada<\/strong>, y columnas especializadas de <strong>Alejandro Barriguete, Daniel Antonio, Rodrigo Castellanos y Jun Felipe Guzm\u00e1n Cuevas.<\/strong><\/p>\n<p>\u00a0\u00a0\u00a0\u00a0\u00a0\u00a0\u00a0\u00a0\u00a0\u00a0\u00a0 Es pues una apuesta seria en una de las vertientes del ejercicio period\u00edstico que han sufrido durante los \u00faltimos a\u00f1os una marginaci\u00f3n radical, al grado de ser dejadas en la cola de las prioridades.<\/p>\n<p>\u00a0\u00a0\u00a0\u00a0\u00a0\u00a0\u00a0\u00a0\u00a0\u00a0\u00a0 D\u00eda a d\u00eda las secciones culturales ven reducidos sus espacios, producto de la idea empresarial de que ese rubro carece de importancia, y por el contrario crecen las p\u00e1ginas dedicadas a los espect\u00e1culos yel chisme de los artistas.<\/p>\n<p>\u00a0\u00a0\u00a0\u00a0\u00a0\u00a0\u00a0\u00a0\u00a0\u00a0\u00a0 No se diga de la nota policiaca, que entre m\u00e1s cruenta y sanguinaria, es el gancho por excelencia para atrapar lectores.<\/p>\n<p>\u00a0\u00a0\u00a0\u00a0\u00a0\u00a0\u00a0\u00a0\u00a0\u00a0\u00a0 En <strong><em>Grupo Editorial Aljibe<\/em><\/strong>, sin negar que la realidad en no pocas ocasiones avala lo anotado, y con el respeto absoluto para quienes han decidido que ese es el \u00fanico camino para el \u00e9xito mercantil, apostamos sin embargo al gusto de cada uno de los lectores por eso, por la lectura.<\/p>\n<p>\u00a0\u00a0\u00a0\u00a0\u00a0\u00a0\u00a0\u00a0\u00a0\u00a0\u00a0 Estamos ciertos que la lectura es un producto que puede ser bien recibido por los ciudadanos cuando es de calidad.<\/p>\n<p>\u00a0\u00a0\u00a0\u00a0\u00a0\u00a0\u00a0\u00a0\u00a0\u00a0\u00a0 Por eso dar vida a <strong><em>Cronopio<\/em><\/strong>, a trav\u00e9s de una alianza editorial con su creador y director <strong>Carlos Bustamante<\/strong>, no solo un profesional en la materia, sino tambi\u00e9n un amigo cierto de <strong><em>Diario PLAZA JU\u00c1REZ<\/em><\/strong>.<\/p>\n<p>\u00a0\u00a0\u00a0\u00a0\u00a0\u00a0\u00a0\u00a0\u00a0\u00a0\u00a0 A <strong><em>Cronopio<\/em><\/strong>, que ya es una realidad y no un mero anuncio, se sumar\u00e1n nuevos productos editoriales que estamos seguros permitir\u00e1n consolidar nuestra oferta editorial.<\/p>\n<p>\u00a0\u00a0\u00a0\u00a0\u00a0\u00a0\u00a0\u00a0\u00a0\u00a0\u00a0 Sea pues usted bienvenido a esta aventura de la cultura impresa en papel (porque hemos de anotarle que somos de los que creen en la permanencia de la tinta impresa, a la que por supuesto se suma como agregado la versi\u00f3n electr\u00f3nica). Sea usted bienvenido al mundo anticipado por <strong>Cort\u00e1zar<\/strong>, al mundo de <strong><em>Cronopio.<\/em><\/strong><\/p>\n<p><strong>\u00a0\u00a0\u00a0\u00a0\u00a0\u00a0\u00a0\u00a0\u00a0\u00a0\u00a0 Mil gracias, hasta ma\u00f1ana.<\/strong><\/p>\n<p>\u00a0<\/p>\n<p><a href=\"mailto:peraltajav@gmail.com\">peraltajav@gmail.com<\/a><\/p>\n<p>twitter: @JavierEPeralta<\/p>\n<p>\u00a0\u00a0\u00a0\u00a0\u00a0\u00a0\u00a0\u00a0\u00a0\u00a0\u00a0<\/p>\n<p>\u00a0\u00a0\u00a0\u00a0\u00a0\u00a0\u00a0\u00a0\u00a0\u00a0\u00a0<\/p>\n","protected":false},"excerpt":{"rendered":"<p>Cronopio, un nuevo producto de Grupo Editorial Aljibe<\/p>\n","protected":false},"author":93,"featured_media":0,"comment_status":"open","ping_status":"open","sticky":false,"template":"","format":"standard","meta":{"footnotes":""},"categories":[42],"tags":[],"class_list":["post-2326","post","type-post","status-publish","format-standard","hentry","category-nuestrapalabra"],"_links":{"self":[{"href":"https:\/\/plazajuarez.mx\/historico\/wp-json\/wp\/v2\/posts\/2326","targetHints":{"allow":["GET"]}}],"collection":[{"href":"https:\/\/plazajuarez.mx\/historico\/wp-json\/wp\/v2\/posts"}],"about":[{"href":"https:\/\/plazajuarez.mx\/historico\/wp-json\/wp\/v2\/types\/post"}],"author":[{"embeddable":true,"href":"https:\/\/plazajuarez.mx\/historico\/wp-json\/wp\/v2\/users\/93"}],"replies":[{"embeddable":true,"href":"https:\/\/plazajuarez.mx\/historico\/wp-json\/wp\/v2\/comments?post=2326"}],"version-history":[{"count":0,"href":"https:\/\/plazajuarez.mx\/historico\/wp-json\/wp\/v2\/posts\/2326\/revisions"}],"wp:attachment":[{"href":"https:\/\/plazajuarez.mx\/historico\/wp-json\/wp\/v2\/media?parent=2326"}],"wp:term":[{"taxonomy":"category","embeddable":true,"href":"https:\/\/plazajuarez.mx\/historico\/wp-json\/wp\/v2\/categories?post=2326"},{"taxonomy":"post_tag","embeddable":true,"href":"https:\/\/plazajuarez.mx\/historico\/wp-json\/wp\/v2\/tags?post=2326"}],"curies":[{"name":"wp","href":"https:\/\/api.w.org\/{rel}","templated":true}]}}