{"id":232598,"date":"2022-10-05T08:26:37","date_gmt":"2022-10-05T13:26:37","guid":{"rendered":"https:\/\/plazajuarez.mx\/?p=232598"},"modified":"2022-10-05T08:26:42","modified_gmt":"2022-10-05T13:26:42","slug":"recuperar-el-valor-fundamental-de-la-palabra","status":"publish","type":"post","link":"https:\/\/plazajuarez.mx\/historico\/recuperar-el-valor-fundamental-de-la-palabra\/","title":{"rendered":"Recuperar el valor fundamental de la palabra"},"content":{"rendered":"\n<h2 class=\"wp-block-heading\">RETRATOS HABLADOS<\/h2>\n\n\n\n<p>\u201cSe puede matar, destazar, desaparecer gente. Esto, que pasa a diario, muestra que la repercusi\u00f3n de la crisis de la palabra es grav\u00edsima: ya no podemos entender la sacralidad de la vida. La destrucci\u00f3n del lenguaje que est\u00e1n generando los medios de comunicaci\u00f3n y las redes sociales es degradante. En Internet est\u00e1n en el mismo rango un fil\u00f3sofo de la altura de Hegel y el \u00faltimo sitio pornogr\u00e1fico. Es la destrucci\u00f3n de \u00f3rdenes jer\u00e1rquicos de sentido\u201d, se\u00f1ala el poeta Javier Sicilia, quien perdi\u00f3 a su hijo Juan Francisco, luego de ser secuestrado y asesinado por el crimen organizado en M\u00e9xico.<\/p>\n\n\n\n<p>En muchos sentidos somos c\u00f3mplices del profundo desprecio que en estos tiempos se tiene por la palabra en un pa\u00eds como el nuestro. Como nunca prolifera en programas de televisi\u00f3n el uso de groser\u00edas, bajo la presunta intenci\u00f3n de \u201ccomunicarse sin cortapisas con la juventud\u201d. \u201cDe 100 palabras, 30 son majader\u00edas; con esto no se puede mirar el mundo, ni concebir que haya una alteridad\u201d, se\u00f1ala Sicilia.<\/p>\n\n\n\n<p>El poeta insiste en que la crisis de la palabra nos lleva al desprecio absoluto por la vida, y por ende la incapacidad para entender su car\u00e1cter sagrado. Hay una destrucci\u00f3n evidente del lenguaje que d\u00eda con d\u00eda nos cancela toda posibilidad de asumir lo que siente el otro, los otros. Por eso la siempre pat\u00e9tica forma de expresarse de los asesinos que hoy como nunca abundan en nuestro territorio. Son seres baldados, incapaces de dar un paso sin tropezar con una maldici\u00f3n contra el que lastiman, hieren, matan, porque no tienen otra forma de nombrar la realidad miserable en que han crecido y de la que a toda costa buscan expulsar a cuanta ser vivo se atraviesa en su camino.<\/p>\n\n\n\n<p>Hay que recuperar el valor fundamental de la palabra, del lenguaje, su valor cierto, verdadero para crear, dar vida donde no la hay. Y no, no es asunto s\u00f3lo de poetas como Javier Sicilia. Es una tarea de todos, para reaprender la capacidad de dialogar, reflexionar sin colocar verdades absolutas, que no las hay, como requisito primero.<\/p>\n\n\n\n<p>Como nunca es el momento propicio para poner en marcha esa tarea, cuando descubrimos con espanto que en los espacios de poder existe una tendencia a despreciarla, a usarla a conveniencia, sin respeto, sin reparar en que su corrupci\u00f3n tiene como \u00fanico destino el desastre.<\/p>\n\n\n\n<p>Hemos insistido en perdernos en un laberinto absurdo de palabras que no lo son, porque hasta eso hemos olvidado, es decir que ya no reconocemos la palabra que es, de la que no lo es. Y eso es grave, terrible, porque su valor como camino a la creaci\u00f3n de pronto se ha perdido.<\/p>\n\n\n\n<p>No podemos esperar nada de una sociedad donde es reconocido, homenajeado el trabajo para destruir la palabra, y si no as\u00f3mese a las transmisiones de televisi\u00f3n de la noche, a los concursos en que de origen se festeja la estupidez.<\/p>\n\n\n\n<p>Resulta imposible aceptar que de pronto, como destaca Sicilia, confundamos el silencio con la mudez. El silencio no es igual que la mudez, esta \u00faltima provocada por el terror del que secuestrado balbucea con la boca amarrada. El silencio es un espacio del lenguaje al que sigue el sonido.&nbsp;<\/p>\n\n\n\n<p>Hoy como nunca asumamos la responsabilidad de recuperar el lenguaje, de volver a comprender que la palabra crea, da vida; y lo contrario, su corrupci\u00f3n deriva en muerte, en el infierno que hoy mismo vivimos.<\/p>\n\n\n\n<p>Mil gracias, hasta ma\u00f1ana.<\/p>\n\n\n\n<p><a href=\"mailto:jeperalta@plazajuarez.mx\/historico\/historico\">jeperalta@plazajuarez.mx\/historico\/historico<\/a><\/p>\n\n\n\n<p>@JavierEPeralta<\/p>\n","protected":false},"excerpt":{"rendered":"<p>RETRATOS HABLADOS \u201cSe puede matar, destazar, desaparecer gente. Esto, que pasa a diario, muestra que la repercusi\u00f3n de la crisis de la palabra es grav\u00edsima: ya no podemos entender la sacralidad de la vida. La destrucci\u00f3n del lenguaje que est\u00e1n generando los medios de comunicaci\u00f3n y las redes sociales es degradante. En Internet est\u00e1n en [&hellip;]<\/p>\n","protected":false},"author":10,"featured_media":208653,"comment_status":"closed","ping_status":"closed","sticky":false,"template":"","format":"standard","meta":{"footnotes":""},"categories":[49,42],"tags":[],"class_list":["post-232598","post","type-post","status-publish","format-standard","has-post-thumbnail","hentry","category-javier-peralta","category-nuestrapalabra"],"_links":{"self":[{"href":"https:\/\/plazajuarez.mx\/historico\/wp-json\/wp\/v2\/posts\/232598","targetHints":{"allow":["GET"]}}],"collection":[{"href":"https:\/\/plazajuarez.mx\/historico\/wp-json\/wp\/v2\/posts"}],"about":[{"href":"https:\/\/plazajuarez.mx\/historico\/wp-json\/wp\/v2\/types\/post"}],"author":[{"embeddable":true,"href":"https:\/\/plazajuarez.mx\/historico\/wp-json\/wp\/v2\/users\/10"}],"replies":[{"embeddable":true,"href":"https:\/\/plazajuarez.mx\/historico\/wp-json\/wp\/v2\/comments?post=232598"}],"version-history":[{"count":0,"href":"https:\/\/plazajuarez.mx\/historico\/wp-json\/wp\/v2\/posts\/232598\/revisions"}],"wp:featuredmedia":[{"embeddable":true,"href":"https:\/\/plazajuarez.mx\/historico\/wp-json\/wp\/v2\/media\/208653"}],"wp:attachment":[{"href":"https:\/\/plazajuarez.mx\/historico\/wp-json\/wp\/v2\/media?parent=232598"}],"wp:term":[{"taxonomy":"category","embeddable":true,"href":"https:\/\/plazajuarez.mx\/historico\/wp-json\/wp\/v2\/categories?post=232598"},{"taxonomy":"post_tag","embeddable":true,"href":"https:\/\/plazajuarez.mx\/historico\/wp-json\/wp\/v2\/tags?post=232598"}],"curies":[{"name":"wp","href":"https:\/\/api.w.org\/{rel}","templated":true}]}}