{"id":232589,"date":"2022-10-05T08:21:40","date_gmt":"2022-10-05T13:21:40","guid":{"rendered":"https:\/\/plazajuarez.mx\/?p=232589"},"modified":"2022-10-05T08:22:01","modified_gmt":"2022-10-05T13:22:01","slug":"dese-por-enterado-1032","status":"publish","type":"post","link":"https:\/\/plazajuarez.mx\/historico\/dese-por-enterado-1032\/","title":{"rendered":"DESE POR ENTERADO"},"content":{"rendered":"\n<p><strong>\u201cSOY UN SOLDADO DEL GOBERNADOR\u201d: TELLO VARGAS<\/strong>. \u2013 Sin duda uno de los funcionarios con m\u00e1s peso espec\u00edfico en la administraci\u00f3n del gobernador, <strong>Julio Menchaca Salazar<\/strong>, es el titular de la Unidad de Planeaci\u00f3n y Prospectiva, <strong>Miguel \u00c1ngel Tello Vargas<\/strong>, quien declar\u00f3 textual: \u201csoy un soldado del gobernador y donde quiera que pueda ayudar, ah\u00ed estar\u00e9\u201d. Se trata de un pronunciamiento vital en estos momentos de arranque de sexenio, porque en muchos sentidos la investidura de un gobernante debe ser no solo valorada, sino pronunciada. Llevar las ideas a la palabra hablada y escrita, es un principio b\u00e1sico de reconocimiento, pero tambi\u00e9n de creaci\u00f3n, y esto lo sabe <strong>Tello Vargas<\/strong>, hoy por hoy, el personaje m\u00e1s cercano al mandatario estatal.<\/p>\n\n\n\n<figure class=\"wp-block-image size-full\"><img loading=\"lazy\" decoding=\"async\" width=\"1600\" height=\"1069\" src=\"https:\/\/plazajuarez.mx\/historico\/historico\/wp-content\/uploads\/2022\/10\/SOY-UN-SOLDADO-DEL-GOBERNADOR_-TELLO-VARGAS.-\u2013-Cortesi\u0301a-.jpg\" alt=\"\" class=\"wp-image-232590\" srcset=\"https:\/\/plazajuarez.mx\/historico\/wp-content\/uploads\/2022\/10\/SOY-UN-SOLDADO-DEL-GOBERNADOR_-TELLO-VARGAS.-\u2013-Cortesi\u0301a-.jpg 1600w, https:\/\/plazajuarez.mx\/historico\/wp-content\/uploads\/2022\/10\/SOY-UN-SOLDADO-DEL-GOBERNADOR_-TELLO-VARGAS.-\u2013-Cortesi\u0301a--768x513.jpg 768w, https:\/\/plazajuarez.mx\/historico\/wp-content\/uploads\/2022\/10\/SOY-UN-SOLDADO-DEL-GOBERNADOR_-TELLO-VARGAS.-\u2013-Cortesi\u0301a--1536x1026.jpg 1536w, https:\/\/plazajuarez.mx\/historico\/wp-content\/uploads\/2022\/10\/SOY-UN-SOLDADO-DEL-GOBERNADOR_-TELLO-VARGAS.-\u2013-Cortesi\u0301a--274x183.jpg 274w, https:\/\/plazajuarez.mx\/historico\/wp-content\/uploads\/2022\/10\/SOY-UN-SOLDADO-DEL-GOBERNADOR_-TELLO-VARGAS.-\u2013-Cortesi\u0301a--80x54.jpg 80w, https:\/\/plazajuarez.mx\/historico\/wp-content\/uploads\/2022\/10\/SOY-UN-SOLDADO-DEL-GOBERNADOR_-TELLO-VARGAS.-\u2013-Cortesi\u0301a--130x87.jpg 130w, https:\/\/plazajuarez.mx\/historico\/wp-content\/uploads\/2022\/10\/SOY-UN-SOLDADO-DEL-GOBERNADOR_-TELLO-VARGAS.-\u2013-Cortesi\u0301a--359x240.jpg 359w, https:\/\/plazajuarez.mx\/historico\/wp-content\/uploads\/2022\/10\/SOY-UN-SOLDADO-DEL-GOBERNADOR_-TELLO-VARGAS.-\u2013-Cortesi\u0301a--85x57.jpg 85w, https:\/\/plazajuarez.mx\/historico\/wp-content\/uploads\/2022\/10\/SOY-UN-SOLDADO-DEL-GOBERNADOR_-TELLO-VARGAS.-\u2013-Cortesi\u0301a--546x365.jpg 546w, https:\/\/plazajuarez.mx\/historico\/wp-content\/uploads\/2022\/10\/SOY-UN-SOLDADO-DEL-GOBERNADOR_-TELLO-VARGAS.-\u2013-Cortesi\u0301a--266x179.jpg 266w, https:\/\/plazajuarez.mx\/historico\/wp-content\/uploads\/2022\/10\/SOY-UN-SOLDADO-DEL-GOBERNADOR_-TELLO-VARGAS.-\u2013-Cortesi\u0301a--165x109.jpg 165w, https:\/\/plazajuarez.mx\/historico\/wp-content\/uploads\/2022\/10\/SOY-UN-SOLDADO-DEL-GOBERNADOR_-TELLO-VARGAS.-\u2013-Cortesi\u0301a--347x233.jpg 347w, https:\/\/plazajuarez.mx\/historico\/wp-content\/uploads\/2022\/10\/SOY-UN-SOLDADO-DEL-GOBERNADOR_-TELLO-VARGAS.-\u2013-Cortesi\u0301a--112x75.jpg 112w, https:\/\/plazajuarez.mx\/historico\/wp-content\/uploads\/2022\/10\/SOY-UN-SOLDADO-DEL-GOBERNADOR_-TELLO-VARGAS.-\u2013-Cortesi\u0301a--179x120.jpg 179w, https:\/\/plazajuarez.mx\/historico\/wp-content\/uploads\/2022\/10\/SOY-UN-SOLDADO-DEL-GOBERNADOR_-TELLO-VARGAS.-\u2013-Cortesi\u0301a--170x113.jpg 170w, https:\/\/plazajuarez.mx\/historico\/wp-content\/uploads\/2022\/10\/SOY-UN-SOLDADO-DEL-GOBERNADOR_-TELLO-VARGAS.-\u2013-Cortesi\u0301a--81x55.jpg 81w, https:\/\/plazajuarez.mx\/historico\/wp-content\/uploads\/2022\/10\/SOY-UN-SOLDADO-DEL-GOBERNADOR_-TELLO-VARGAS.-\u2013-Cortesi\u0301a--765x510.jpg 765w\" sizes=\"auto, (max-width: 1600px) 100vw, 1600px\" \/><\/figure>\n\n\n\n<p><strong>TIZAYUCA, LA INSEGURIDAD CRECE Y CRECE.<\/strong> \u2013 La presidenta municipal del ayuntamiento entrada al estado de Hidalgo, <strong>Susana \u00c1ngeles<\/strong>, para quienes provienen de la zona metropolitana del pa\u00eds; decidi\u00f3 que su titular de la Secretar\u00eda de Seguridad Ciudadana (SSC), <strong>Basilio Antonio Florido Segoviano<\/strong>, simplemente ya no pod\u00eda seguir en el cargo, luego de que el asunto se le fue de las manos con cr\u00edmenes sin resolver, y el sentimiento de inseguridad de la ciudadan\u00eda. Con todo y que se achaque todo el problema a que la delincuencia viene del Estado de M\u00e9xico o la Ciudad de M\u00e9xico, como que esa explicaci\u00f3n ya no convence a nadie. De tal modo que el reto para <strong>Susana \u00c1ngeles,<\/strong> porque evidentemente un simple cambio en la SSC no es, en s\u00ed, ninguna soluci\u00f3n.<\/p>\n\n\n\n<figure class=\"wp-block-image size-full\"><img loading=\"lazy\" decoding=\"async\" width=\"2048\" height=\"1795\" src=\"https:\/\/plazajuarez.mx\/historico\/historico\/wp-content\/uploads\/2022\/10\/TIZAYUCA-LA-INSEGURIDAD-CRECE-Y-CRECE.-\u2013-Cortesi\u0301a-.jpg\" alt=\"\" class=\"wp-image-232591\" srcset=\"https:\/\/plazajuarez.mx\/historico\/wp-content\/uploads\/2022\/10\/TIZAYUCA-LA-INSEGURIDAD-CRECE-Y-CRECE.-\u2013-Cortesi\u0301a-.jpg 2048w, https:\/\/plazajuarez.mx\/historico\/wp-content\/uploads\/2022\/10\/TIZAYUCA-LA-INSEGURIDAD-CRECE-Y-CRECE.-\u2013-Cortesi\u0301a--768x673.jpg 768w, https:\/\/plazajuarez.mx\/historico\/wp-content\/uploads\/2022\/10\/TIZAYUCA-LA-INSEGURIDAD-CRECE-Y-CRECE.-\u2013-Cortesi\u0301a--1536x1346.jpg 1536w\" sizes=\"auto, (max-width: 2048px) 100vw, 2048px\" \/><\/figure>\n\n\n\n<p><strong>PLAN ESTATAL DE DESARROLLO, PARA ENERO DEL 2023<\/strong>. \u2013 Por muchas razones, el Plan Estatal de Desarrollo del gobierno de <strong>Julio Menchaca<\/strong>, despierta la atenci\u00f3n del ciudadano, porque se esperan propuestas concretas que combatan el problema fundamental y radical de la entidad: la pobreza. Pero tambi\u00e9n que dejen ver con claridad la estrategia que habr\u00e1 de asumirse para el combate frontal a la delincuencia. Uno y otro tienen que ver mucho para quienes creen en el factor econ\u00f3mico como origen de muchos problemas en el pa\u00eds. As\u00ed que en medio de ellos tendr\u00e1 que saberse del plan integral para la atracci\u00f3n de empleos bien pagados, y la atenci\u00f3n a j\u00f3venes reci\u00e9n egresados de nivel profesional. Por lo mientras, el resurgimiento de los Comit\u00e9s de Planeaci\u00f3n para el Desarrollo de Hidalgo (COPLADEHI), resultan ser un paso importante en la tarea de proceder con rumbo claro.<\/p>\n\n\n\n<figure class=\"wp-block-image size-full\"><img loading=\"lazy\" decoding=\"async\" width=\"2048\" height=\"1364\" src=\"https:\/\/plazajuarez.mx\/historico\/historico\/wp-content\/uploads\/2022\/10\/PLAN-ESTATAL-DE-DESARROLLO-PARA-ENERO-DEL-2023.-\u2013-Cortesi\u0301a-.jpg\" alt=\"\" class=\"wp-image-232592\" srcset=\"https:\/\/plazajuarez.mx\/historico\/wp-content\/uploads\/2022\/10\/PLAN-ESTATAL-DE-DESARROLLO-PARA-ENERO-DEL-2023.-\u2013-Cortesi\u0301a-.jpg 2048w, https:\/\/plazajuarez.mx\/historico\/wp-content\/uploads\/2022\/10\/PLAN-ESTATAL-DE-DESARROLLO-PARA-ENERO-DEL-2023.-\u2013-Cortesi\u0301a--768x512.jpg 768w, https:\/\/plazajuarez.mx\/historico\/wp-content\/uploads\/2022\/10\/PLAN-ESTATAL-DE-DESARROLLO-PARA-ENERO-DEL-2023.-\u2013-Cortesi\u0301a--1536x1023.jpg 1536w, https:\/\/plazajuarez.mx\/historico\/wp-content\/uploads\/2022\/10\/PLAN-ESTATAL-DE-DESARROLLO-PARA-ENERO-DEL-2023.-\u2013-Cortesi\u0301a--274x183.jpg 274w, https:\/\/plazajuarez.mx\/historico\/wp-content\/uploads\/2022\/10\/PLAN-ESTATAL-DE-DESARROLLO-PARA-ENERO-DEL-2023.-\u2013-Cortesi\u0301a--80x54.jpg 80w, https:\/\/plazajuarez.mx\/historico\/wp-content\/uploads\/2022\/10\/PLAN-ESTATAL-DE-DESARROLLO-PARA-ENERO-DEL-2023.-\u2013-Cortesi\u0301a--130x87.jpg 130w, https:\/\/plazajuarez.mx\/historico\/wp-content\/uploads\/2022\/10\/PLAN-ESTATAL-DE-DESARROLLO-PARA-ENERO-DEL-2023.-\u2013-Cortesi\u0301a--359x240.jpg 359w, https:\/\/plazajuarez.mx\/historico\/wp-content\/uploads\/2022\/10\/PLAN-ESTATAL-DE-DESARROLLO-PARA-ENERO-DEL-2023.-\u2013-Cortesi\u0301a--85x57.jpg 85w, https:\/\/plazajuarez.mx\/historico\/wp-content\/uploads\/2022\/10\/PLAN-ESTATAL-DE-DESARROLLO-PARA-ENERO-DEL-2023.-\u2013-Cortesi\u0301a--546x365.jpg 546w, https:\/\/plazajuarez.mx\/historico\/wp-content\/uploads\/2022\/10\/PLAN-ESTATAL-DE-DESARROLLO-PARA-ENERO-DEL-2023.-\u2013-Cortesi\u0301a--165x109.jpg 165w, https:\/\/plazajuarez.mx\/historico\/wp-content\/uploads\/2022\/10\/PLAN-ESTATAL-DE-DESARROLLO-PARA-ENERO-DEL-2023.-\u2013-Cortesi\u0301a--112x75.jpg 112w, https:\/\/plazajuarez.mx\/historico\/wp-content\/uploads\/2022\/10\/PLAN-ESTATAL-DE-DESARROLLO-PARA-ENERO-DEL-2023.-\u2013-Cortesi\u0301a--179x120.jpg 179w, https:\/\/plazajuarez.mx\/historico\/wp-content\/uploads\/2022\/10\/PLAN-ESTATAL-DE-DESARROLLO-PARA-ENERO-DEL-2023.-\u2013-Cortesi\u0301a--170x113.jpg 170w, https:\/\/plazajuarez.mx\/historico\/wp-content\/uploads\/2022\/10\/PLAN-ESTATAL-DE-DESARROLLO-PARA-ENERO-DEL-2023.-\u2013-Cortesi\u0301a--81x55.jpg 81w, https:\/\/plazajuarez.mx\/historico\/wp-content\/uploads\/2022\/10\/PLAN-ESTATAL-DE-DESARROLLO-PARA-ENERO-DEL-2023.-\u2013-Cortesi\u0301a--765x510.jpg 765w\" sizes=\"auto, (max-width: 2048px) 100vw, 2048px\" \/><\/figure>\n\n\n\n<p><strong>FAYAD MENESES, SIEMPRE ES NOTICIA. <\/strong>\u2013 El ex gobernador de Hidalgo, <strong>Omar Fayad Meneses<\/strong>, se dej\u00f3 ver en el palenque de la Feria San Francisco 2022. Por supuesto tiene todo el derecho de divertirse donde quiera y c\u00f3mo quiera. Pero tambi\u00e9n, sin duda, que es un personaje que es noticia casi por naturaleza. Todav\u00eda considerado como un visible aspirante a un cargo de nivel en el gobierno del presidente <strong>L\u00f3pez Obrador<\/strong>, el ex mandatario ha insistido una y otra vez, que hizo todo lo necesario para que cada una de las obras que realiz\u00f3 fueran transparentadas en su totalidad, pero si alguien se hab\u00eda pasado de listo, o lista, \u201cque se lo chinguen\u201d. En estos momentos de periodo post-recepci\u00f3n de la administraci\u00f3n, se habla mucho de que se encontraron asuntos dudosos en algunas secretar\u00edas. Este periodo post-recepci\u00f3n tendr\u00e1 que concluir este mismo a\u00f1o con las medidas que se deban tomar, para que en enero seamos testigos de lo que har\u00e1 el naciente gobierno en la generaci\u00f3n de su propio perfil de trabajo. Y para entonces, a los que haya sido necesario \u201cchingar\u201d, pues estar\u00e1n chingados, pero tendr\u00e1n que ser parte de un periodo que surge y desaparece casi en autom\u00e1tico. Lo que debe seguir es gobernar.<\/p>\n\n\n\n<figure class=\"wp-block-image size-full\"><img loading=\"lazy\" decoding=\"async\" width=\"1024\" height=\"683\" src=\"https:\/\/plazajuarez.mx\/historico\/historico\/wp-content\/uploads\/2022\/10\/FAYAD-MENESES-SIEMPRE-ES-NOTICIA.-\u2013-Cortesi\u0301a-.jpg\" alt=\"\" class=\"wp-image-232593\" srcset=\"https:\/\/plazajuarez.mx\/historico\/wp-content\/uploads\/2022\/10\/FAYAD-MENESES-SIEMPRE-ES-NOTICIA.-\u2013-Cortesi\u0301a-.jpg 1024w, https:\/\/plazajuarez.mx\/historico\/wp-content\/uploads\/2022\/10\/FAYAD-MENESES-SIEMPRE-ES-NOTICIA.-\u2013-Cortesi\u0301a--768x512.jpg 768w, https:\/\/plazajuarez.mx\/historico\/wp-content\/uploads\/2022\/10\/FAYAD-MENESES-SIEMPRE-ES-NOTICIA.-\u2013-Cortesi\u0301a--274x183.jpg 274w, https:\/\/plazajuarez.mx\/historico\/wp-content\/uploads\/2022\/10\/FAYAD-MENESES-SIEMPRE-ES-NOTICIA.-\u2013-Cortesi\u0301a--80x54.jpg 80w, https:\/\/plazajuarez.mx\/historico\/wp-content\/uploads\/2022\/10\/FAYAD-MENESES-SIEMPRE-ES-NOTICIA.-\u2013-Cortesi\u0301a--130x87.jpg 130w, https:\/\/plazajuarez.mx\/historico\/wp-content\/uploads\/2022\/10\/FAYAD-MENESES-SIEMPRE-ES-NOTICIA.-\u2013-Cortesi\u0301a--359x240.jpg 359w, https:\/\/plazajuarez.mx\/historico\/wp-content\/uploads\/2022\/10\/FAYAD-MENESES-SIEMPRE-ES-NOTICIA.-\u2013-Cortesi\u0301a--85x57.jpg 85w, https:\/\/plazajuarez.mx\/historico\/wp-content\/uploads\/2022\/10\/FAYAD-MENESES-SIEMPRE-ES-NOTICIA.-\u2013-Cortesi\u0301a--546x365.jpg 546w, https:\/\/plazajuarez.mx\/historico\/wp-content\/uploads\/2022\/10\/FAYAD-MENESES-SIEMPRE-ES-NOTICIA.-\u2013-Cortesi\u0301a--165x109.jpg 165w, https:\/\/plazajuarez.mx\/historico\/wp-content\/uploads\/2022\/10\/FAYAD-MENESES-SIEMPRE-ES-NOTICIA.-\u2013-Cortesi\u0301a--112x75.jpg 112w, https:\/\/plazajuarez.mx\/historico\/wp-content\/uploads\/2022\/10\/FAYAD-MENESES-SIEMPRE-ES-NOTICIA.-\u2013-Cortesi\u0301a--179x120.jpg 179w, https:\/\/plazajuarez.mx\/historico\/wp-content\/uploads\/2022\/10\/FAYAD-MENESES-SIEMPRE-ES-NOTICIA.-\u2013-Cortesi\u0301a--170x113.jpg 170w, https:\/\/plazajuarez.mx\/historico\/wp-content\/uploads\/2022\/10\/FAYAD-MENESES-SIEMPRE-ES-NOTICIA.-\u2013-Cortesi\u0301a--81x55.jpg 81w, https:\/\/plazajuarez.mx\/historico\/wp-content\/uploads\/2022\/10\/FAYAD-MENESES-SIEMPRE-ES-NOTICIA.-\u2013-Cortesi\u0301a--765x510.jpg 765w\" sizes=\"auto, (max-width: 1024px) 100vw, 1024px\" \/><\/figure>\n\n\n\n<p><strong>Aviso para que no digan: Esta columna se nutre de comentarios recabados por agencias del Recontra-Espionaje, muy similares a las que populariz\u00f3 el \u201cS\u00faper Agente 86\u201d en sus tiempos. Como tal lo que publicamos puede que sea cierto, puede que no, o todo lo contrario. Est\u00e1 usted en libertad de creer o no lo que lee, recontra-enojarse, recontra- carcajearse y hasta recontra-recordarnos a nuestra jefecita (nosotros recontra-haremos lo propio). Avisado est\u00e1 usted.&nbsp;<\/strong><\/p>\n\n\n\n<p><strong>desexenterado@gmail.com @desexenterado&nbsp;<\/strong><\/p>\n","protected":false},"excerpt":{"rendered":"<p>\u201cSOY UN SOLDADO DEL GOBERNADOR\u201d: TELLO VARGAS. \u2013 Sin duda uno de los funcionarios con m\u00e1s peso espec\u00edfico en la administraci\u00f3n del gobernador, Julio Menchaca Salazar, es el titular de la Unidad de Planeaci\u00f3n y Prospectiva, Miguel \u00c1ngel Tello Vargas, quien declar\u00f3 textual: \u201csoy un soldado del gobernador y donde quiera que pueda ayudar, ah\u00ed [&hellip;]<\/p>\n","protected":false},"author":93,"featured_media":208507,"comment_status":"closed","ping_status":"closed","sticky":false,"template":"","format":"standard","meta":{"footnotes":""},"categories":[83],"tags":[],"class_list":["post-232589","post","type-post","status-publish","format-standard","has-post-thumbnail","hentry","category-dese-por-enterado"],"_links":{"self":[{"href":"https:\/\/plazajuarez.mx\/historico\/wp-json\/wp\/v2\/posts\/232589","targetHints":{"allow":["GET"]}}],"collection":[{"href":"https:\/\/plazajuarez.mx\/historico\/wp-json\/wp\/v2\/posts"}],"about":[{"href":"https:\/\/plazajuarez.mx\/historico\/wp-json\/wp\/v2\/types\/post"}],"author":[{"embeddable":true,"href":"https:\/\/plazajuarez.mx\/historico\/wp-json\/wp\/v2\/users\/93"}],"replies":[{"embeddable":true,"href":"https:\/\/plazajuarez.mx\/historico\/wp-json\/wp\/v2\/comments?post=232589"}],"version-history":[{"count":0,"href":"https:\/\/plazajuarez.mx\/historico\/wp-json\/wp\/v2\/posts\/232589\/revisions"}],"wp:featuredmedia":[{"embeddable":true,"href":"https:\/\/plazajuarez.mx\/historico\/wp-json\/wp\/v2\/media\/208507"}],"wp:attachment":[{"href":"https:\/\/plazajuarez.mx\/historico\/wp-json\/wp\/v2\/media?parent=232589"}],"wp:term":[{"taxonomy":"category","embeddable":true,"href":"https:\/\/plazajuarez.mx\/historico\/wp-json\/wp\/v2\/categories?post=232589"},{"taxonomy":"post_tag","embeddable":true,"href":"https:\/\/plazajuarez.mx\/historico\/wp-json\/wp\/v2\/tags?post=232589"}],"curies":[{"name":"wp","href":"https:\/\/api.w.org\/{rel}","templated":true}]}}