{"id":232579,"date":"2022-10-04T18:12:04","date_gmt":"2022-10-04T23:12:04","guid":{"rendered":"https:\/\/plazajuarez.mx\/?p=232579"},"modified":"2022-10-04T18:12:11","modified_gmt":"2022-10-04T23:12:11","slug":"adultos_mayores-3","status":"publish","type":"post","link":"https:\/\/plazajuarez.mx\/historico\/adultos_mayores-3\/","title":{"rendered":"PERSONAS ADULTAS MAYORES MERECEN UNA VEJEZ DIGNA: EDDA VITE"},"content":{"rendered":"\n<p>La presidenta del Patronato del DIFH supervis\u00f3 la Casa de la Tercera Edad y la Casa de Descanso \u201cMar\u00eda Elena Ram\u00edrez de Lozano<\/p>\n\n\n\n<p>Tras una visita a la Casa de la Tercera Edad y a la Casa de Descanso \u201cMar\u00eda Elena Ram\u00edrez de Lozano&#8221;, la presidenta del Patronato del Sistema DIF Hidalgo, Edda Vite Ramos, resalt\u00f3 la necesidad de brindar una atenci\u00f3n de calidad y con calidez humana en ambos espacios, lo cual garantizar\u00e1 el bienestar de las y los residentes de estos centros asistenciales.<\/p>\n\n\n\n<p>\u201cLas personas adultas mayores son quienes han forjado y contribuido en el crecimiento de un mejor Hidalgo, y merecen tener una vejez digna, en las mejores condiciones y que sean atendidos con respeto\u201d, expres\u00f3.<\/p>\n\n\n\n<figure class=\"wp-block-image size-full\"><img loading=\"lazy\" decoding=\"async\" width=\"1600\" height=\"1066\" src=\"https:\/\/plazajuarez.mx\/historico\/historico\/wp-content\/uploads\/2022\/10\/WhatsApp-Image-2022-10-04-at-6.07.53-PM-1.jpeg\" alt=\"\" class=\"wp-image-232582\" srcset=\"https:\/\/plazajuarez.mx\/historico\/wp-content\/uploads\/2022\/10\/WhatsApp-Image-2022-10-04-at-6.07.53-PM-1.jpeg 1600w, https:\/\/plazajuarez.mx\/historico\/wp-content\/uploads\/2022\/10\/WhatsApp-Image-2022-10-04-at-6.07.53-PM-1-768x512.jpeg 768w, https:\/\/plazajuarez.mx\/historico\/wp-content\/uploads\/2022\/10\/WhatsApp-Image-2022-10-04-at-6.07.53-PM-1-1536x1023.jpeg 1536w, https:\/\/plazajuarez.mx\/historico\/wp-content\/uploads\/2022\/10\/WhatsApp-Image-2022-10-04-at-6.07.53-PM-1-274x183.jpeg 274w, https:\/\/plazajuarez.mx\/historico\/wp-content\/uploads\/2022\/10\/WhatsApp-Image-2022-10-04-at-6.07.53-PM-1-80x54.jpeg 80w, https:\/\/plazajuarez.mx\/historico\/wp-content\/uploads\/2022\/10\/WhatsApp-Image-2022-10-04-at-6.07.53-PM-1-130x87.jpeg 130w, https:\/\/plazajuarez.mx\/historico\/wp-content\/uploads\/2022\/10\/WhatsApp-Image-2022-10-04-at-6.07.53-PM-1-359x240.jpeg 359w, https:\/\/plazajuarez.mx\/historico\/wp-content\/uploads\/2022\/10\/WhatsApp-Image-2022-10-04-at-6.07.53-PM-1-85x57.jpeg 85w, https:\/\/plazajuarez.mx\/historico\/wp-content\/uploads\/2022\/10\/WhatsApp-Image-2022-10-04-at-6.07.53-PM-1-546x365.jpeg 546w, https:\/\/plazajuarez.mx\/historico\/wp-content\/uploads\/2022\/10\/WhatsApp-Image-2022-10-04-at-6.07.53-PM-1-165x109.jpeg 165w, https:\/\/plazajuarez.mx\/historico\/wp-content\/uploads\/2022\/10\/WhatsApp-Image-2022-10-04-at-6.07.53-PM-1-112x75.jpeg 112w, https:\/\/plazajuarez.mx\/historico\/wp-content\/uploads\/2022\/10\/WhatsApp-Image-2022-10-04-at-6.07.53-PM-1-179x120.jpeg 179w, https:\/\/plazajuarez.mx\/historico\/wp-content\/uploads\/2022\/10\/WhatsApp-Image-2022-10-04-at-6.07.53-PM-1-170x113.jpeg 170w, https:\/\/plazajuarez.mx\/historico\/wp-content\/uploads\/2022\/10\/WhatsApp-Image-2022-10-04-at-6.07.53-PM-1-81x55.jpeg 81w, https:\/\/plazajuarez.mx\/historico\/wp-content\/uploads\/2022\/10\/WhatsApp-Image-2022-10-04-at-6.07.53-PM-1-765x510.jpeg 765w\" sizes=\"auto, (max-width: 1600px) 100vw, 1600px\" \/><\/figure>\n\n\n\n<p>Destac\u00f3 que, a la infraestructura adecuada a las necesidades de la poblaci\u00f3n residente, debe complementarse con atenci\u00f3n por personal capacitado, comprometido y con valores, para brindar a los usuarios de las casas una atenci\u00f3n excelente a lo largo de su estancia en estas residencias.<\/p>\n\n\n\n<p>Edda Vite coment\u00f3 que se evaluaron las actuales condiciones tanto de la Casa de la Tercera Edad como de la Casa de Descanso, ya que en ambos casos deben ofrecer sus servicios con una visi\u00f3n integral y de respeto hacia las personas adultas mayores, adem\u00e1s de garantizar los derechos de cada residente.<\/p>\n\n\n\n<p>La presidenta del DIF Hidalgo manifest\u00f3 que esta administraci\u00f3n le apuesta por una atenci\u00f3n profesional de quienes est\u00e1n a cargo de estos centros asistenciales, dichas personas sin duda ser\u00e1n factor clave de eficacia y calidad.<\/p>\n\n\n\n<figure class=\"wp-block-image size-full\"><img loading=\"lazy\" decoding=\"async\" width=\"1600\" height=\"1066\" src=\"https:\/\/plazajuarez.mx\/historico\/historico\/wp-content\/uploads\/2022\/10\/WhatsApp-Image-2022-10-04-at-6.07.53-PM.jpeg\" alt=\"\" class=\"wp-image-232583\" srcset=\"https:\/\/plazajuarez.mx\/historico\/wp-content\/uploads\/2022\/10\/WhatsApp-Image-2022-10-04-at-6.07.53-PM.jpeg 1600w, https:\/\/plazajuarez.mx\/historico\/wp-content\/uploads\/2022\/10\/WhatsApp-Image-2022-10-04-at-6.07.53-PM-768x512.jpeg 768w, https:\/\/plazajuarez.mx\/historico\/wp-content\/uploads\/2022\/10\/WhatsApp-Image-2022-10-04-at-6.07.53-PM-1536x1023.jpeg 1536w, https:\/\/plazajuarez.mx\/historico\/wp-content\/uploads\/2022\/10\/WhatsApp-Image-2022-10-04-at-6.07.53-PM-274x183.jpeg 274w, https:\/\/plazajuarez.mx\/historico\/wp-content\/uploads\/2022\/10\/WhatsApp-Image-2022-10-04-at-6.07.53-PM-80x54.jpeg 80w, https:\/\/plazajuarez.mx\/historico\/wp-content\/uploads\/2022\/10\/WhatsApp-Image-2022-10-04-at-6.07.53-PM-130x87.jpeg 130w, https:\/\/plazajuarez.mx\/historico\/wp-content\/uploads\/2022\/10\/WhatsApp-Image-2022-10-04-at-6.07.53-PM-359x240.jpeg 359w, https:\/\/plazajuarez.mx\/historico\/wp-content\/uploads\/2022\/10\/WhatsApp-Image-2022-10-04-at-6.07.53-PM-85x57.jpeg 85w, https:\/\/plazajuarez.mx\/historico\/wp-content\/uploads\/2022\/10\/WhatsApp-Image-2022-10-04-at-6.07.53-PM-546x365.jpeg 546w, https:\/\/plazajuarez.mx\/historico\/wp-content\/uploads\/2022\/10\/WhatsApp-Image-2022-10-04-at-6.07.53-PM-165x109.jpeg 165w, https:\/\/plazajuarez.mx\/historico\/wp-content\/uploads\/2022\/10\/WhatsApp-Image-2022-10-04-at-6.07.53-PM-112x75.jpeg 112w, https:\/\/plazajuarez.mx\/historico\/wp-content\/uploads\/2022\/10\/WhatsApp-Image-2022-10-04-at-6.07.53-PM-179x120.jpeg 179w, https:\/\/plazajuarez.mx\/historico\/wp-content\/uploads\/2022\/10\/WhatsApp-Image-2022-10-04-at-6.07.53-PM-170x113.jpeg 170w, https:\/\/plazajuarez.mx\/historico\/wp-content\/uploads\/2022\/10\/WhatsApp-Image-2022-10-04-at-6.07.53-PM-81x55.jpeg 81w, https:\/\/plazajuarez.mx\/historico\/wp-content\/uploads\/2022\/10\/WhatsApp-Image-2022-10-04-at-6.07.53-PM-765x510.jpeg 765w\" sizes=\"auto, (max-width: 1600px) 100vw, 1600px\" \/><\/figure>\n\n\n\n<p>La Casa de la Tercera Edad fue inaugurada un 31 de julio de 1986. Atiende a personas mayores de 60 a\u00f1os de edad quienes se encuentran en situaci\u00f3n vulnerable, ya sea por abandono y\/o sin familiares. Cuenta con un espacio para 90 personas, y en la actualidad alberga a 40 residentes.<\/p>\n\n\n\n<p>En tanto, la Casa de Descanso \u201cMar\u00eda Elena Ram\u00edrez de Lozano\u201d labora desde el a\u00f1o 2004, y son susceptibles de este beneficio aquellas personas adultas mayores de 65 a\u00f1os en adelante que cuenten con el apoyo de familiares. La capacidad de este centro es para un total de 20 personas, actualmente hay siete residentes.<\/p>\n\n\n\n<figure class=\"wp-block-image size-full\"><img loading=\"lazy\" decoding=\"async\" width=\"1600\" height=\"1056\" src=\"https:\/\/plazajuarez.mx\/historico\/historico\/wp-content\/uploads\/2022\/10\/WhatsApp-Image-2022-10-04-at-6.07.53-PM-4.jpeg\" alt=\"\" class=\"wp-image-232581\" srcset=\"https:\/\/plazajuarez.mx\/historico\/wp-content\/uploads\/2022\/10\/WhatsApp-Image-2022-10-04-at-6.07.53-PM-4.jpeg 1600w, https:\/\/plazajuarez.mx\/historico\/wp-content\/uploads\/2022\/10\/WhatsApp-Image-2022-10-04-at-6.07.53-PM-4-768x507.jpeg 768w, https:\/\/plazajuarez.mx\/historico\/wp-content\/uploads\/2022\/10\/WhatsApp-Image-2022-10-04-at-6.07.53-PM-4-1536x1014.jpeg 1536w, https:\/\/plazajuarez.mx\/historico\/wp-content\/uploads\/2022\/10\/WhatsApp-Image-2022-10-04-at-6.07.53-PM-4-80x54.jpeg 80w, https:\/\/plazajuarez.mx\/historico\/wp-content\/uploads\/2022\/10\/WhatsApp-Image-2022-10-04-at-6.07.53-PM-4-130x87.jpeg 130w, https:\/\/plazajuarez.mx\/historico\/wp-content\/uploads\/2022\/10\/WhatsApp-Image-2022-10-04-at-6.07.53-PM-4-85x57.jpeg 85w, https:\/\/plazajuarez.mx\/historico\/wp-content\/uploads\/2022\/10\/WhatsApp-Image-2022-10-04-at-6.07.53-PM-4-165x109.jpeg 165w, https:\/\/plazajuarez.mx\/historico\/wp-content\/uploads\/2022\/10\/WhatsApp-Image-2022-10-04-at-6.07.53-PM-4-112x75.jpeg 112w, https:\/\/plazajuarez.mx\/historico\/wp-content\/uploads\/2022\/10\/WhatsApp-Image-2022-10-04-at-6.07.53-PM-4-170x113.jpeg 170w\" sizes=\"auto, (max-width: 1600px) 100vw, 1600px\" \/><\/figure>\n\n\n\n<p>Este centro asistencial que opera como una Casa de D\u00eda, pueden ingresar adultos mayores por voluntad propia cubriendo una cuota mensual simb\u00f3lica.<\/p>\n\n\n\n<p>Entre los requisitos para ingresar son: no padecer alguna enfermedad infectocontagiosa, incontinencia urinaria, alg\u00fan tipo de demencia como cuerpos de Lewy, Parkinson, Alzheimer y no padecer ning\u00fan tipo de trastorno mental como esquizofrenia, psicosis, entre otras.<\/p>\n\n\n\n<p>La presidenta del DIF estatal mencion\u00f3 que en las dos casas hay espacio para atender a m\u00e1s residentes, ya que por la pandemia algunos residentes decidieron irse a vivir con un familiar.<\/p>\n\n\n\n<p>Tras el recorrido, la presidenta del DIF a\u00f1adi\u00f3 que se est\u00e1 restructurando cada \u00e1rea para dar un mejor servicio a quienes m\u00e1s lo necesitan, adem\u00e1s que se procure que la alimentaci\u00f3n sea la adecuada, que las actividades recreativas se adapten a sus necesidades.<\/p>\n","protected":false},"excerpt":{"rendered":"<p>La presidenta del Patronato del DIFH supervis\u00f3 la Casa de la Tercera Edad y la Casa de Descanso \u201cMar\u00eda Elena Ram\u00edrez de Lozano Tras una visita a la Casa de la Tercera Edad y a la Casa de Descanso \u201cMar\u00eda Elena Ram\u00edrez de Lozano&#8221;, la presidenta del Patronato del Sistema DIF Hidalgo, Edda Vite Ramos, [&hellip;]<\/p>\n","protected":false},"author":93,"featured_media":232580,"comment_status":"closed","ping_status":"closed","sticky":false,"template":"","format":"standard","meta":{"footnotes":""},"categories":[15,59,2159],"tags":[],"class_list":["post-232579","post","type-post","status-publish","format-standard","has-post-thumbnail","hentry","category-destacadas","category-general","category-noticias-de-hidalgo"],"_links":{"self":[{"href":"https:\/\/plazajuarez.mx\/historico\/wp-json\/wp\/v2\/posts\/232579","targetHints":{"allow":["GET"]}}],"collection":[{"href":"https:\/\/plazajuarez.mx\/historico\/wp-json\/wp\/v2\/posts"}],"about":[{"href":"https:\/\/plazajuarez.mx\/historico\/wp-json\/wp\/v2\/types\/post"}],"author":[{"embeddable":true,"href":"https:\/\/plazajuarez.mx\/historico\/wp-json\/wp\/v2\/users\/93"}],"replies":[{"embeddable":true,"href":"https:\/\/plazajuarez.mx\/historico\/wp-json\/wp\/v2\/comments?post=232579"}],"version-history":[{"count":0,"href":"https:\/\/plazajuarez.mx\/historico\/wp-json\/wp\/v2\/posts\/232579\/revisions"}],"wp:featuredmedia":[{"embeddable":true,"href":"https:\/\/plazajuarez.mx\/historico\/wp-json\/wp\/v2\/media\/232580"}],"wp:attachment":[{"href":"https:\/\/plazajuarez.mx\/historico\/wp-json\/wp\/v2\/media?parent=232579"}],"wp:term":[{"taxonomy":"category","embeddable":true,"href":"https:\/\/plazajuarez.mx\/historico\/wp-json\/wp\/v2\/categories?post=232579"},{"taxonomy":"post_tag","embeddable":true,"href":"https:\/\/plazajuarez.mx\/historico\/wp-json\/wp\/v2\/tags?post=232579"}],"curies":[{"name":"wp","href":"https:\/\/api.w.org\/{rel}","templated":true}]}}