{"id":232575,"date":"2022-10-04T17:47:06","date_gmt":"2022-10-04T22:47:06","guid":{"rendered":"https:\/\/plazajuarez.mx\/?p=232575"},"modified":"2022-10-04T17:53:00","modified_gmt":"2022-10-04T22:53:00","slug":"titular_ayuntamiento","status":"publish","type":"post","link":"https:\/\/plazajuarez.mx\/historico\/titular_ayuntamiento\/","title":{"rendered":"Ayuntamiento cambiar\u00e1 a titular de la SCC"},"content":{"rendered":"\n<ul class=\"wp-block-list\"><li>Remover\u00e1n al titular Basilio Antonio Florido Segoviano, el pr\u00f3ximo jueves<\/li><\/ul>\n\n\n\n<p>El Ayuntamiento de Tizayuca, a trav\u00e9s de la Secretar\u00eda de Seguridad Ciudadana (SSC), inform\u00f3 que se ha decidido relevar al titular de dicha dependencia municipal, Basilio Antonio Florido Segoviano; tal acci\u00f3n tendr\u00e1 efecto el pr\u00f3ximo jueves, 6 de octubre.<\/p>\n\n\n\n<p>Respecto al cambio de estafeta en la Secretar\u00eda de Seguridad Ciudadana, la alcaldesa Susana \u00c1ngeles Quezada reconoci\u00f3 el trabajo de Florido Segoviano y afirm\u00f3 que gracias a la labor coordinada entre el gobierno del estado y el municipio, se han logrado mejorar sustancialmente las acciones para garantizar la paz social en Tizayuca.<\/p>\n\n\n\n<p>Finalmente, expres\u00f3 que el municipio continuar\u00e1 trabajando de manera conjunta con los \u00f3rdenes de gobierno estatal y federal, para construir el nuevo modelo policial y fortalecer la justicia c\u00edvica a fin de prevenir el delito, disminuir la incidencia delictiva y mejorar la percepci\u00f3n de seguridad e incrementar la confianza en las instituciones de seguridad por parte de la poblaci\u00f3n<\/p>\n","protected":false},"excerpt":{"rendered":"<p>Remover\u00e1n al titular Basilio Antonio Florido Segoviano, el pr\u00f3ximo jueves El Ayuntamiento de Tizayuca, a trav\u00e9s de la Secretar\u00eda de Seguridad Ciudadana (SSC), inform\u00f3 que se ha decidido relevar al titular de dicha dependencia municipal, Basilio Antonio Florido Segoviano; tal acci\u00f3n tendr\u00e1 efecto el pr\u00f3ximo jueves, 6 de octubre. Respecto al cambio de estafeta en [&hellip;]<\/p>\n","protected":false},"author":78,"featured_media":232576,"comment_status":"closed","ping_status":"closed","sticky":false,"template":"","format":"standard","meta":{"footnotes":""},"categories":[15,2159,40],"tags":[],"class_list":["post-232575","post","type-post","status-publish","format-standard","has-post-thumbnail","hentry","category-destacadas","category-noticias-de-hidalgo","category-region"],"_links":{"self":[{"href":"https:\/\/plazajuarez.mx\/historico\/wp-json\/wp\/v2\/posts\/232575","targetHints":{"allow":["GET"]}}],"collection":[{"href":"https:\/\/plazajuarez.mx\/historico\/wp-json\/wp\/v2\/posts"}],"about":[{"href":"https:\/\/plazajuarez.mx\/historico\/wp-json\/wp\/v2\/types\/post"}],"author":[{"embeddable":true,"href":"https:\/\/plazajuarez.mx\/historico\/wp-json\/wp\/v2\/users\/78"}],"replies":[{"embeddable":true,"href":"https:\/\/plazajuarez.mx\/historico\/wp-json\/wp\/v2\/comments?post=232575"}],"version-history":[{"count":0,"href":"https:\/\/plazajuarez.mx\/historico\/wp-json\/wp\/v2\/posts\/232575\/revisions"}],"wp:featuredmedia":[{"embeddable":true,"href":"https:\/\/plazajuarez.mx\/historico\/wp-json\/wp\/v2\/media\/232576"}],"wp:attachment":[{"href":"https:\/\/plazajuarez.mx\/historico\/wp-json\/wp\/v2\/media?parent=232575"}],"wp:term":[{"taxonomy":"category","embeddable":true,"href":"https:\/\/plazajuarez.mx\/historico\/wp-json\/wp\/v2\/categories?post=232575"},{"taxonomy":"post_tag","embeddable":true,"href":"https:\/\/plazajuarez.mx\/historico\/wp-json\/wp\/v2\/tags?post=232575"}],"curies":[{"name":"wp","href":"https:\/\/api.w.org\/{rel}","templated":true}]}}