{"id":23254,"date":"2016-06-19T14:12:25","date_gmt":"2016-06-19T14:12:25","guid":{"rendered":"http:\/\/plazajuarez.mx\/index\/index.php\/2016\/06\/19\/un-impactante-accidente-entre-camionetas-cobra-la-vida-de-dos-personas\/"},"modified":"2016-06-19T14:12:25","modified_gmt":"2016-06-19T14:12:25","slug":"un-impactante-accidente-entre-camionetas-cobra-la-vida-de-dos-personas","status":"publish","type":"post","link":"https:\/\/plazajuarez.mx\/historico\/un-impactante-accidente-entre-camionetas-cobra-la-vida-de-dos-personas\/","title":{"rendered":"UN IMPACTANTE ACCIDENTE ENTRE CAMIONETAS, COBRA LA VIDA DE DOS PERSONAS"},"content":{"rendered":"<p>EN LA CARRETERA M\u00c9XICO-TUXPAN<\/p>\n<p>  <!--more-->  <\/p>\n<p>El siniestro ocurri\u00f3 a la altura del kil\u00f3metro 96+100, que se ubica en las inmediaciones de la regi\u00f3n de Tulancingo y gener\u00f3 intensa movilizaci\u00f3n<br \/>Brutal choque que result\u00f3 de funestas consecuencias, se registr\u00f3\u00a0 en la carretera M\u00e9xico-Tuxpan, a la altura del kil\u00f3metro 96+100, que se ubica en las inmediaciones de la regi\u00f3n de Tulancingo, donde el saldo rojo fue de dos muertos y cuantiosas p\u00e9rdidas materiales.<br \/>En el mortal percance se involucraron una camioneta de mudanzas blanca, con placas para transitar 353-DH-8 del Servicio P\u00fablico Federal, la cual choc\u00f3 de frente con una camioneta marca Chevrolet Econoline roja con l\u00e1minas de circulaci\u00f3n MMC-52-09.<br \/>Al lugar acudieron elementos de las corporaciones policiales, personal de socorro y rescatistas.<br \/>Por el brutal impacto, murieron dos personas y al lugar arrib\u00f3 el perito Mart\u00edn Lemus y del accidente se hicieron cargo elementos de la Polic\u00eda Federal que tripulaban la unidad 13399, al mando del inspector cadena.<\/p>\n","protected":false},"excerpt":{"rendered":"<p>EN LA CARRETERA M\u00c9XICO-TUXPAN<\/p>\n","protected":false},"author":93,"featured_media":0,"comment_status":"open","ping_status":"open","sticky":false,"template":"","format":"standard","meta":{"footnotes":""},"categories":[37],"tags":[],"class_list":["post-23254","post","type-post","status-publish","format-standard","hentry","category-barandilla"],"_links":{"self":[{"href":"https:\/\/plazajuarez.mx\/historico\/wp-json\/wp\/v2\/posts\/23254","targetHints":{"allow":["GET"]}}],"collection":[{"href":"https:\/\/plazajuarez.mx\/historico\/wp-json\/wp\/v2\/posts"}],"about":[{"href":"https:\/\/plazajuarez.mx\/historico\/wp-json\/wp\/v2\/types\/post"}],"author":[{"embeddable":true,"href":"https:\/\/plazajuarez.mx\/historico\/wp-json\/wp\/v2\/users\/93"}],"replies":[{"embeddable":true,"href":"https:\/\/plazajuarez.mx\/historico\/wp-json\/wp\/v2\/comments?post=23254"}],"version-history":[{"count":0,"href":"https:\/\/plazajuarez.mx\/historico\/wp-json\/wp\/v2\/posts\/23254\/revisions"}],"wp:attachment":[{"href":"https:\/\/plazajuarez.mx\/historico\/wp-json\/wp\/v2\/media?parent=23254"}],"wp:term":[{"taxonomy":"category","embeddable":true,"href":"https:\/\/plazajuarez.mx\/historico\/wp-json\/wp\/v2\/categories?post=23254"},{"taxonomy":"post_tag","embeddable":true,"href":"https:\/\/plazajuarez.mx\/historico\/wp-json\/wp\/v2\/tags?post=23254"}],"curies":[{"name":"wp","href":"https:\/\/api.w.org\/{rel}","templated":true}]}}