{"id":23253,"date":"2016-06-19T14:12:08","date_gmt":"2016-06-19T14:12:08","guid":{"rendered":"http:\/\/plazajuarez.mx\/index\/index.php\/2016\/06\/19\/acusado-de-lesiones-agravadas-pgje-remite-al-penal-a-ex-lider-de-la-cnte\/"},"modified":"2016-06-19T14:12:08","modified_gmt":"2016-06-19T14:12:08","slug":"acusado-de-lesiones-agravadas-pgje-remite-al-penal-a-ex-lider-de-la-cnte","status":"publish","type":"post","link":"https:\/\/plazajuarez.mx\/historico\/acusado-de-lesiones-agravadas-pgje-remite-al-penal-a-ex-lider-de-la-cnte\/","title":{"rendered":"ACUSADO DE LESIONES AGRAVADAS, PGJE REMITE AL PENAL A EX L\u00cdDER DE LA CNTE"},"content":{"rendered":"<p>MORELIA, MICHOAC\u00c1N <\/p>\n<p>  <!--more-->  <\/p>\n<p>El ex dirigente de la Secci\u00f3n 18 de la Coordinadora Nacional de Trabajadores de la Educaci\u00f3n en Michoac\u00e1n, Juan Jos\u00e9 Ortega Madrigal, ya fue ingresado al Centro de Reinserci\u00f3n Social \u201cDavid Franco Rodr\u00edguez, acusado de Lesiones Agravadas y Privaci\u00f3n Ilegal de la Libertad, informaron autoridades de la Procuradur\u00eda General de Justicia del Estado (PGJE). <br \/>El ex l\u00edder fue detenido hasta este s\u00e1bado minutos despu\u00e9s de las 10:00 horas en su domicilio ubicado en Apatzing\u00e1n, a pesar de que la orden de aprehensi\u00f3n fue liberada en su contra desde el a\u00f1o 2015, cuando a\u00fan era dirigente estatal de la CNTE en la entidad, lo que ya caus\u00f3 interrogantes hacia el gobierno del estado y hacia la misma Procuradur\u00eda. <br \/>Integrantes de la actual dirigencia de la Secci\u00f3n 18 se deslindaron de las acciones delictivas de las que se le se\u00f1ala a Ortega, pues enfatizaron que \u201csu detenci\u00f3n atiende a acusaciones ajenas al movimiento magisterial y atienden a un problema que \u00e9l tuvo en lo personal\u201d. <br \/>\u201cPodemos informar que se trata de una cuesti\u00f3n de tipo judicial, llamamos a mantener la calma y no realizar acciones que no sean acordadas en nuestras instancias\u201d, advirtieron en un texto enviado a las diferentes delegaciones de la Secci\u00f3n 18. <\/p>\n","protected":false},"excerpt":{"rendered":"<p>MORELIA, MICHOAC\u00c1N<\/p>\n","protected":false},"author":93,"featured_media":0,"comment_status":"open","ping_status":"open","sticky":false,"template":"","format":"standard","meta":{"footnotes":""},"categories":[37],"tags":[],"class_list":["post-23253","post","type-post","status-publish","format-standard","hentry","category-barandilla"],"_links":{"self":[{"href":"https:\/\/plazajuarez.mx\/historico\/wp-json\/wp\/v2\/posts\/23253","targetHints":{"allow":["GET"]}}],"collection":[{"href":"https:\/\/plazajuarez.mx\/historico\/wp-json\/wp\/v2\/posts"}],"about":[{"href":"https:\/\/plazajuarez.mx\/historico\/wp-json\/wp\/v2\/types\/post"}],"author":[{"embeddable":true,"href":"https:\/\/plazajuarez.mx\/historico\/wp-json\/wp\/v2\/users\/93"}],"replies":[{"embeddable":true,"href":"https:\/\/plazajuarez.mx\/historico\/wp-json\/wp\/v2\/comments?post=23253"}],"version-history":[{"count":0,"href":"https:\/\/plazajuarez.mx\/historico\/wp-json\/wp\/v2\/posts\/23253\/revisions"}],"wp:attachment":[{"href":"https:\/\/plazajuarez.mx\/historico\/wp-json\/wp\/v2\/media?parent=23253"}],"wp:term":[{"taxonomy":"category","embeddable":true,"href":"https:\/\/plazajuarez.mx\/historico\/wp-json\/wp\/v2\/categories?post=23253"},{"taxonomy":"post_tag","embeddable":true,"href":"https:\/\/plazajuarez.mx\/historico\/wp-json\/wp\/v2\/tags?post=23253"}],"curies":[{"name":"wp","href":"https:\/\/api.w.org\/{rel}","templated":true}]}}