{"id":232475,"date":"2022-10-04T09:04:30","date_gmt":"2022-10-04T14:04:30","guid":{"rendered":"https:\/\/plazajuarez.mx\/?p=232475"},"modified":"2022-10-04T09:04:36","modified_gmt":"2022-10-04T14:04:36","slug":"lanzan-taller-rescatando-nuestras-tradiciones","status":"publish","type":"post","link":"https:\/\/plazajuarez.mx\/historico\/lanzan-taller-rescatando-nuestras-tradiciones\/","title":{"rendered":"Lanzan taller \u201cRescatando nuestras tradiciones\u201d"},"content":{"rendered":"\n<p>TULANCINGO.- La Jefatura de Bibliotecas de Tulancingo del gobierno encabezado por Jorge M\u00e1rquez Alvarado, invita al taller: \u201cRescatando Nuestras Tradiciones\u201d. Se desarrollar\u00e1, previo al D\u00eda de Muertos, donde la lectura y la creatividad ser\u00e1n los ingredientes principales.\u00a0<\/p>\n\n\n\n<p>Concepci\u00f3n Oc\u00e1diz Garc\u00eda, directora de la dependencia dio a conocer que la actividad est\u00e1 enfocada para ni\u00f1as y ni\u00f1os de 8 a 13 a\u00f1os, quienes aprender\u00e1n sobre qu\u00e9 son los mitos, leyendas, calaveras literarias, costumbres y simbolog\u00eda de los altares, entre otros temas.&nbsp;&nbsp;&nbsp;&nbsp;&nbsp;&nbsp;&nbsp;&nbsp;&nbsp;<\/p>\n\n\n\n<p>Como parte de la din\u00e1mica de estos talleres, tendr\u00e1n una duraci\u00f3n de dos semanas-, las y los participantes podr\u00e1n aprender a escribir este tipo de relatos, adem\u00e1s la importancia de rescatar lo que es parte de nuestra identidad.<\/p>\n\n\n\n<p>El cupo ser\u00e1 limitado, 15 ni\u00f1as y ni\u00f1os, por cada estanter\u00eda, por lo que las inscripciones para formar parte ya est\u00e1n abiertas, a partir de este 30 de septiembre hasta el 7 de octubre, en las 8 Bibliotecas de Tulancingo.&nbsp;<\/p>\n\n\n\n<p>Los talleres, previo a Todos Santos y D\u00eda de Muertos, d\u00edas representativos para los mexicanos, comenzar\u00e1n del 10 al 21 de octubre, de lunes a viernes con un horario de 16:00 a 17:00.<\/p>\n\n\n\n<p>La titular se\u00f1al\u00f3 que es prioridad del gobierno municipal y el alcalde, que se genere la convivencia familiar por lo que los pap\u00e1s podr\u00e1n acompa\u00f1ar a sus hijos a esta jornada donde igualmente se realizar\u00e1n manualidades.&nbsp;<\/p>\n\n\n\n<p>Es un taller que por primera vez se llevar\u00e1 a cabo as\u00ed, de manera integral y complementaria con datos, ejemplos, talleres y sobre todo creaciones literarias de las y los asistentes.<\/p>\n","protected":false},"excerpt":{"rendered":"<p>TULANCINGO.- La Jefatura de Bibliotecas de Tulancingo del gobierno encabezado por Jorge M\u00e1rquez Alvarado, invita al taller: \u201cRescatando Nuestras Tradiciones\u201d. Se desarrollar\u00e1, previo al D\u00eda de Muertos, donde la lectura y la creatividad ser\u00e1n los ingredientes principales.\u00a0 Concepci\u00f3n Oc\u00e1diz Garc\u00eda, directora de la dependencia dio a conocer que la actividad est\u00e1 enfocada para ni\u00f1as y [&hellip;]<\/p>\n","protected":false},"author":93,"featured_media":232476,"comment_status":"closed","ping_status":"closed","sticky":false,"template":"","format":"standard","meta":{"footnotes":""},"categories":[2159,40],"tags":[],"class_list":["post-232475","post","type-post","status-publish","format-standard","has-post-thumbnail","hentry","category-noticias-de-hidalgo","category-region"],"_links":{"self":[{"href":"https:\/\/plazajuarez.mx\/historico\/wp-json\/wp\/v2\/posts\/232475","targetHints":{"allow":["GET"]}}],"collection":[{"href":"https:\/\/plazajuarez.mx\/historico\/wp-json\/wp\/v2\/posts"}],"about":[{"href":"https:\/\/plazajuarez.mx\/historico\/wp-json\/wp\/v2\/types\/post"}],"author":[{"embeddable":true,"href":"https:\/\/plazajuarez.mx\/historico\/wp-json\/wp\/v2\/users\/93"}],"replies":[{"embeddable":true,"href":"https:\/\/plazajuarez.mx\/historico\/wp-json\/wp\/v2\/comments?post=232475"}],"version-history":[{"count":0,"href":"https:\/\/plazajuarez.mx\/historico\/wp-json\/wp\/v2\/posts\/232475\/revisions"}],"wp:featuredmedia":[{"embeddable":true,"href":"https:\/\/plazajuarez.mx\/historico\/wp-json\/wp\/v2\/media\/232476"}],"wp:attachment":[{"href":"https:\/\/plazajuarez.mx\/historico\/wp-json\/wp\/v2\/media?parent=232475"}],"wp:term":[{"taxonomy":"category","embeddable":true,"href":"https:\/\/plazajuarez.mx\/historico\/wp-json\/wp\/v2\/categories?post=232475"},{"taxonomy":"post_tag","embeddable":true,"href":"https:\/\/plazajuarez.mx\/historico\/wp-json\/wp\/v2\/tags?post=232475"}],"curies":[{"name":"wp","href":"https:\/\/api.w.org\/{rel}","templated":true}]}}