{"id":232472,"date":"2022-10-04T09:03:16","date_gmt":"2022-10-04T14:03:16","guid":{"rendered":"https:\/\/plazajuarez.mx\/?p=232472"},"modified":"2022-10-04T09:03:33","modified_gmt":"2022-10-04T14:03:33","slug":"imparten-conferencia-sobre-discriminacion-y-masculinidad","status":"publish","type":"post","link":"https:\/\/plazajuarez.mx\/historico\/imparten-conferencia-sobre-discriminacion-y-masculinidad\/","title":{"rendered":"Imparten conferencia sobre \u201cDiscriminaci\u00f3n y masculinidad\u201d"},"content":{"rendered":"\n<p>Jaltoc\u00e1n.- Personal del Instituto de la Mujer, en Jaltoc\u00e1n, realiz\u00f3 una serie de conferencias impartida por Yaneth Hern\u00e1ndez Paniagua donde hablaron sobre diferentes temas, entre ellos \u201cDiscriminaci\u00f3n y masculinidad\u201d, dirigido a servidores p\u00fablicos del municipio.<\/p>\n\n\n\n<p>\u201cTuvimos diferentes capacitaciones con los servidores p\u00fablicos y hablamos de discriminaci\u00f3n y nuevas masculinidades, el mensaje es que todas debemos vivir en igualdad de g\u00e9nero y los tiempos est\u00e1n cambiando y hoy por hoy debemos de adaptarnos a ellos, as\u00ed como tenemos obligaciones, tambi\u00e9n tenemos derechos\u201d, puntualiz\u00f3.<\/p>\n\n\n\n<p>Adem\u00e1s, destac\u00f3 que este tipo de actividades abarcar\u00e1n diferentes sectores de la sociedad:<\/p>\n\n\n\n<p>\u201cAparte de culminar con servidores p\u00fablicos vamos a empezar a trabajar con preparatorias tambi\u00e9n con temas de igualdad de g\u00e9nero y violencia de g\u00e9nero\u201d.<\/p>\n\n\n\n<p>Por \u00faltimo, personal de la instancia de la mujer de Jaltoc\u00e1n destacaron que continuar\u00e1n reforzando estos temas sumamente importantes en materia de prevenci\u00f3n de violencia contra la mujer.<\/p>\n","protected":false},"excerpt":{"rendered":"<p>Jaltoc\u00e1n.- Personal del Instituto de la Mujer, en Jaltoc\u00e1n, realiz\u00f3 una serie de conferencias impartida por Yaneth Hern\u00e1ndez Paniagua donde hablaron sobre diferentes temas, entre ellos \u201cDiscriminaci\u00f3n y masculinidad\u201d, dirigido a servidores p\u00fablicos del municipio. \u201cTuvimos diferentes capacitaciones con los servidores p\u00fablicos y hablamos de discriminaci\u00f3n y nuevas masculinidades, el mensaje es que todas debemos [&hellip;]<\/p>\n","protected":false},"author":76,"featured_media":232473,"comment_status":"closed","ping_status":"closed","sticky":false,"template":"","format":"standard","meta":{"footnotes":""},"categories":[40],"tags":[],"class_list":["post-232472","post","type-post","status-publish","format-standard","has-post-thumbnail","hentry","category-region"],"_links":{"self":[{"href":"https:\/\/plazajuarez.mx\/historico\/wp-json\/wp\/v2\/posts\/232472","targetHints":{"allow":["GET"]}}],"collection":[{"href":"https:\/\/plazajuarez.mx\/historico\/wp-json\/wp\/v2\/posts"}],"about":[{"href":"https:\/\/plazajuarez.mx\/historico\/wp-json\/wp\/v2\/types\/post"}],"author":[{"embeddable":true,"href":"https:\/\/plazajuarez.mx\/historico\/wp-json\/wp\/v2\/users\/76"}],"replies":[{"embeddable":true,"href":"https:\/\/plazajuarez.mx\/historico\/wp-json\/wp\/v2\/comments?post=232472"}],"version-history":[{"count":0,"href":"https:\/\/plazajuarez.mx\/historico\/wp-json\/wp\/v2\/posts\/232472\/revisions"}],"wp:featuredmedia":[{"embeddable":true,"href":"https:\/\/plazajuarez.mx\/historico\/wp-json\/wp\/v2\/media\/232473"}],"wp:attachment":[{"href":"https:\/\/plazajuarez.mx\/historico\/wp-json\/wp\/v2\/media?parent=232472"}],"wp:term":[{"taxonomy":"category","embeddable":true,"href":"https:\/\/plazajuarez.mx\/historico\/wp-json\/wp\/v2\/categories?post=232472"},{"taxonomy":"post_tag","embeddable":true,"href":"https:\/\/plazajuarez.mx\/historico\/wp-json\/wp\/v2\/tags?post=232472"}],"curies":[{"name":"wp","href":"https:\/\/api.w.org\/{rel}","templated":true}]}}