{"id":232466,"date":"2022-10-04T08:59:10","date_gmt":"2022-10-04T13:59:10","guid":{"rendered":"https:\/\/plazajuarez.mx\/?p=232466"},"modified":"2022-10-04T08:59:18","modified_gmt":"2022-10-04T13:59:18","slug":"cerraron-la-carretera-apan-la-union-la-liberaron-horas-mas-tarde","status":"publish","type":"post","link":"https:\/\/plazajuarez.mx\/historico\/cerraron-la-carretera-apan-la-union-la-liberaron-horas-mas-tarde\/","title":{"rendered":"Cerraron la carretera Apan-La Uni\u00f3n; la liberaron horas m\u00e1s tarde"},"content":{"rendered":"\n<p>Almoloya.- Luego de permanecer bloqueada por espacio de siete horas, habitantes de diferentes comunidades lograron importantes acuerdos para la reparaci\u00f3n de la carretera interestatal Apan-La Uni\u00f3n.<\/p>\n\n\n\n<p>El bloqueo carretero inici\u00f3 al filo de las 9:00 am de ayer, y termin\u00f3 cerca de las 16:00 horas; fueron al menos unos 70 habitantes de cinco comunidades, quienes tomaron la determinaci\u00f3n de cerrar el paso vehicular, afectando a cientos de autom\u00f3viles y el transporte de carga, todo ello, debido a que esta vialidad se encuentra en p\u00e9simas condiciones para circular.<\/p>\n\n\n\n<p>De acuerdo con los manifestantes, el estado en que se encuentra esta carretera, ha sido causal de varios accidentes, los cuales han costado la vida de automovilistas.<\/p>\n\n\n\n<p>Para alcanzar los acuerdos, se tuvo la intervenci\u00f3n de personal del Gobierno del Estado, y de autoridades municipales, tanto de Apan como de Almoloya, quienes se comprometieron a iniciar de manera inmediata los trabajos para reacondicionar la cinta asf\u00e1ltica.<\/p>\n","protected":false},"excerpt":{"rendered":"<p>Almoloya.- Luego de permanecer bloqueada por espacio de siete horas, habitantes de diferentes comunidades lograron importantes acuerdos para la reparaci\u00f3n de la carretera interestatal Apan-La Uni\u00f3n. El bloqueo carretero inici\u00f3 al filo de las 9:00 am de ayer, y termin\u00f3 cerca de las 16:00 horas; fueron al menos unos 70 habitantes de cinco comunidades, quienes [&hellip;]<\/p>\n","protected":false},"author":69,"featured_media":232467,"comment_status":"closed","ping_status":"closed","sticky":false,"template":"","format":"standard","meta":{"footnotes":""},"categories":[2159,40],"tags":[],"class_list":["post-232466","post","type-post","status-publish","format-standard","has-post-thumbnail","hentry","category-noticias-de-hidalgo","category-region"],"_links":{"self":[{"href":"https:\/\/plazajuarez.mx\/historico\/wp-json\/wp\/v2\/posts\/232466","targetHints":{"allow":["GET"]}}],"collection":[{"href":"https:\/\/plazajuarez.mx\/historico\/wp-json\/wp\/v2\/posts"}],"about":[{"href":"https:\/\/plazajuarez.mx\/historico\/wp-json\/wp\/v2\/types\/post"}],"author":[{"embeddable":true,"href":"https:\/\/plazajuarez.mx\/historico\/wp-json\/wp\/v2\/users\/69"}],"replies":[{"embeddable":true,"href":"https:\/\/plazajuarez.mx\/historico\/wp-json\/wp\/v2\/comments?post=232466"}],"version-history":[{"count":0,"href":"https:\/\/plazajuarez.mx\/historico\/wp-json\/wp\/v2\/posts\/232466\/revisions"}],"wp:featuredmedia":[{"embeddable":true,"href":"https:\/\/plazajuarez.mx\/historico\/wp-json\/wp\/v2\/media\/232467"}],"wp:attachment":[{"href":"https:\/\/plazajuarez.mx\/historico\/wp-json\/wp\/v2\/media?parent=232466"}],"wp:term":[{"taxonomy":"category","embeddable":true,"href":"https:\/\/plazajuarez.mx\/historico\/wp-json\/wp\/v2\/categories?post=232466"},{"taxonomy":"post_tag","embeddable":true,"href":"https:\/\/plazajuarez.mx\/historico\/wp-json\/wp\/v2\/tags?post=232466"}],"curies":[{"name":"wp","href":"https:\/\/api.w.org\/{rel}","templated":true}]}}