{"id":232440,"date":"2022-10-04T08:33:41","date_gmt":"2022-10-04T13:33:41","guid":{"rendered":"https:\/\/plazajuarez.mx\/?p=232440"},"modified":"2022-10-04T08:33:48","modified_gmt":"2022-10-04T13:33:48","slug":"quien-es-el-dueno-del-zocalo-de-la-plaza-juarez-y-del-congreso","status":"publish","type":"post","link":"https:\/\/plazajuarez.mx\/historico\/quien-es-el-dueno-del-zocalo-de-la-plaza-juarez-y-del-congreso\/","title":{"rendered":"\u00bfQUI\u00c9N ES EL DUE\u00d1O DEL Z\u00d3CALO, DE LA PLAZA JU\u00c1REZ Y DEL CONGRESO?"},"content":{"rendered":"\n<h2 class=\"wp-block-heading\">ALFIL NEGRO<\/h2>\n\n\n\n<p>Todos estos lugares p\u00fablicos, que se han construido con dinero de todos y que tienen como misi\u00f3n ser lugares donde la ciudadan\u00eda pueda reunirse en completa libertad sin importar credo pol\u00edtico, puntos de vista sobre la vida social, color de piel o forma de ver la existencia ,no se puede decir que tengan un due\u00f1o por m\u00e1s poder que se tenga o que pertenezca a un partido pol\u00edtico por ser el que manda, o tiene el poder en determinado momento, y menos a grupitos hasta fan\u00e1ticos de seguidores del hombre del poder ,que en nombre de la intolerancia quieren decidir qui\u00e9n s\u00ed y qui\u00e9n no tiene el camino abierto para ocupar estos lugares p\u00fablicos, dependiendo de su forma de pensar, de tal manera que si no piensan como manda el gran gu\u00eda quedan fuera de su derecho a caminar por esos lugares que se entiende son de todos.<\/p>\n\n\n\n<p>Usted lo ha escuchado en m\u00e1s de una ocasi\u00f3n que se dice y adem\u00e1s con toda raz\u00f3n que las instalaciones del Congreso son LA CASA DEL PUEBLO, en el entendido de que pertenecen en su servicio y en su funcionamiento al pueblo que es el que pag\u00f3 su construcci\u00f3n como edificio ,y decidi\u00f3 quienes deben ocuparlas con su voto el d\u00eda de las elecciones.<\/p>\n\n\n\n<p>Por otro lado las plazas p\u00fablicas llevan en su calificativo de PUBLICAR su mejor definici\u00f3n, de tal manera que no tienen un due\u00f1o en particular ,a lo mejor un responsable para que est\u00e9 en buenas condiciones pero hasta ah\u00ed, pero siendo p\u00fablicas pertenecen a todos, como lugar de reuni\u00f3n sin que se exija tener un determinado modo de pensar o de creer ,porque es lugar abierto donde todos pueden caminar y expresarse, desde luego con respeto y cuidado.<\/p>\n\n\n\n<p>Por eso llama la atenci\u00f3n y mucho se comenta el caso de una periodista y maestra de educaci\u00f3n superior ,que el pasado dos de octubre fue increpada y casi casi corrida del Z\u00d3CALO DE LA CIUDAD DE M\u00c9XICO, porque en opini\u00f3n de quien dirigi\u00f3 la condena ,piensa distinto a los que mandan en esta hora y porque desde el punto de vista de este sujeto que por cierto es funcionario de la SEP ,es un inconveniente que tiene la maestra y periodista ,desde el punto de vista del funcionario, tiene un modo de pensar que apoya a determinada corriente de pensamiento y eso, otra vez desde el punto de vista del funcionario que cobra en la SEP, no se puede permitir.<\/p>\n\n\n\n<p>Vaya, vaya, este se\u00f1or y gente que le acompa\u00f1\u00f3 en esta actitud ,exigen que para ocupar el Z\u00f3calo ,se debe pensar de un modo que ellos avalen y \u00a1ay de aquellos que se atrevan a pensar distinto!.<\/p>\n\n\n\n<p>Lo que llama la atenci\u00f3n es que en redes sociales est\u00e1 actitud de correr a una gente porque no piensa como los que mandan, tiene muchos comentarios lo mismo a favor que en contra, porque de todo hay en la vi\u00f1a del Se\u00f1or, pero es muy clara la actitud de los radicales y fan\u00e1ticos que aplauden lo que se le hizo a la maestra ,porque desde su punto de vista es correcto eso de cerrarle el Z\u00f3calo a los que no piensan como el que manda.<\/p>\n\n\n\n<p>Se supone que el acto de gobierno abarca a todas las corrientes pol\u00edticas ,y no se gobierna s\u00f3lo para un partido o para un grupo de gentes porque piensan igual que el vencedor. Se gobierna para todos, en el compromiso de lograr mejores caminos para toda la sociedad.<\/p>\n\n\n\n<p>Quienes tienen el poder tienen la obligaci\u00f3n de actuar en favor de todos, sin cerrar modos de apoyos o de soluci\u00f3n porque no sean de sus colores o de sus ideas pol\u00edticas.<\/p>\n\n\n\n<p>Y los lugares p\u00fablicos s\u00ed tienen un due\u00f1o que es el pueblo, la gente, la sociedad y a nadie se le puede impedir que haga uso de los mismos, desde luego de modo razonable y respetuoso.<\/p>\n\n\n\n<p>Pero eso de correr a una maestra en el Z\u00f3calo porque piensa distinto a los fan\u00e1ticos como que no va, y porque nos habla de un momento de intolerancia terrible que a nada bueno conduce.<\/p>\n","protected":false},"excerpt":{"rendered":"<p>ALFIL NEGRO Todos estos lugares p\u00fablicos, que se han construido con dinero de todos y que tienen como misi\u00f3n ser lugares donde la ciudadan\u00eda pueda reunirse en completa libertad sin importar credo pol\u00edtico, puntos de vista sobre la vida social, color de piel o forma de ver la existencia ,no se puede decir que tengan [&hellip;]<\/p>\n","protected":false},"author":83,"featured_media":208526,"comment_status":"closed","ping_status":"closed","sticky":false,"template":"","format":"standard","meta":{"footnotes":""},"categories":[48,42],"tags":[],"class_list":["post-232440","post","type-post","status-publish","format-standard","has-post-thumbnail","hentry","category-adalberto-peralta","category-nuestrapalabra"],"_links":{"self":[{"href":"https:\/\/plazajuarez.mx\/historico\/wp-json\/wp\/v2\/posts\/232440","targetHints":{"allow":["GET"]}}],"collection":[{"href":"https:\/\/plazajuarez.mx\/historico\/wp-json\/wp\/v2\/posts"}],"about":[{"href":"https:\/\/plazajuarez.mx\/historico\/wp-json\/wp\/v2\/types\/post"}],"author":[{"embeddable":true,"href":"https:\/\/plazajuarez.mx\/historico\/wp-json\/wp\/v2\/users\/83"}],"replies":[{"embeddable":true,"href":"https:\/\/plazajuarez.mx\/historico\/wp-json\/wp\/v2\/comments?post=232440"}],"version-history":[{"count":0,"href":"https:\/\/plazajuarez.mx\/historico\/wp-json\/wp\/v2\/posts\/232440\/revisions"}],"wp:featuredmedia":[{"embeddable":true,"href":"https:\/\/plazajuarez.mx\/historico\/wp-json\/wp\/v2\/media\/208526"}],"wp:attachment":[{"href":"https:\/\/plazajuarez.mx\/historico\/wp-json\/wp\/v2\/media?parent=232440"}],"wp:term":[{"taxonomy":"category","embeddable":true,"href":"https:\/\/plazajuarez.mx\/historico\/wp-json\/wp\/v2\/categories?post=232440"},{"taxonomy":"post_tag","embeddable":true,"href":"https:\/\/plazajuarez.mx\/historico\/wp-json\/wp\/v2\/tags?post=232440"}],"curies":[{"name":"wp","href":"https:\/\/api.w.org\/{rel}","templated":true}]}}