{"id":232249,"date":"2022-10-02T12:54:46","date_gmt":"2022-10-02T17:54:46","guid":{"rendered":"https:\/\/plazajuarez.mx\/?p=232249"},"modified":"2022-10-02T12:54:52","modified_gmt":"2022-10-02T17:54:52","slug":"shein_baum","status":"publish","type":"post","link":"https:\/\/plazajuarez.mx\/historico\/shein_baum\/","title":{"rendered":"Sheinbaum enviar\u00e1 iniciativa para expedir la Ley de Memoria"},"content":{"rendered":"\n<p>  Al renombrar la Plaza Tlaxcoaque como Tlaxcoaque Plaza de la Memoria para recordar los terribles actos de tortura que ocurrieron en el ex edificio de la Direcci\u00f3n General de Polic\u00eda y Tr\u00e1nsito, la Jefa de Gobierno de la Ciudad de M\u00e9xico, Claudia Sheinbaum, inform\u00f3 que enviar\u00e1 al Congreso local una iniciativa como proyecto de decreto por el que se expide la Ley de Memoria.<\/p>\n\n\n\n<p>La anterior tiene el objetivo de la b\u00fasqueda de la verdad, la no repetici\u00f3n de los derechos humanos, la participaci\u00f3n de las v\u00edctimas y familiares en todas las etapas de las pol\u00edticas p\u00fablicas de memoria.<\/p>\n\n\n\n<p>&#8220;La Ley de Memoria reconoce y garantiza a las v\u00edctimas a sus familiares, a los sobrevivientes y a todas las comunidades locales, as\u00ed como el derecho a participar en todas las etapas de pol\u00edticas p\u00fablicas de memoria y por ende el libre acceso a archivos en posesi\u00f3n de la administraci\u00f3n p\u00fablica de la Ciudad de M\u00e9xico sobre violaciones graves a derechos humanos&#8221;, explic\u00f3.<\/p>\n\n\n\n<p>Sheinbaum coment\u00f3 que al mismo tiempo ser\u00e1n establecidos como sitios de memoria para repensar, recuperar y transmitir informaci\u00f3n y reconstruir la identidad en los lugares donde se hayan cometido violaciones graves de los derechos humanos por parte del estado.<\/p>\n\n\n\n<p>Entre los sitios ser\u00e1n considerados: Plaza de las Tres Culturas en Tlatelolco, escenario de la violenta represi\u00f3n del 2 de octubre de 1968; el \u00e1rea de la calzada M\u00e9xico-Tacuba, entre Circuito Interior, donde ocurri\u00f3 el Halconazo contra una manifestaci\u00f3n estudiantil pac\u00edfica y los vestigios de los separos de la antigua Direcci\u00f3n General de Polic\u00eda y Tr\u00e1nsito.<\/p>\n\n\n\n<p>La mandataria capitalina record\u00f3 que la Fiscal General de Justicia (FGJ) abri\u00f3 una carpeta de investigaci\u00f3n para recabar testimonios, informaci\u00f3n y evidencias que permitan llevar a cabo las investigaciones pertinentes para b\u00fasqueda de justicia a las v\u00edctimas que sufrieron detenciones arbitrarias y tortura en Tlaxcoaque.<\/p>\n\n\n\n<p>Agreg\u00f3 que en Tlaxcoaque se coloca una placa con el nuevo nombre de la plaza y se presentar\u00e1 una exposici\u00f3n fotogr\u00e1fica permanente en alusi\u00f3n de los ejes de trabajo del proyecto: Memoria, Verdad, Justicia y No repetici\u00f3n.<\/p>\n\n\n\n<p>&#8220;Preservamos la evidencia de los s\u00f3tanos del horror y el abuso del poder para alimentar la conciencia ciudadana, para sentar las bases \u00e9ticas y pol\u00edticas e institucionales que impidan que las graves violaciones a los derechos humanos por parte del Estado no se cometan nunca m\u00e1s, que nunca m\u00e1s haya un gobierno autoritario este es el mejor homenaje a las v\u00edctimas del 2 de octubre de 1968, 2 de octubre no se olvida. Nuestro Inquebrantable por el respeto siempre a los derechos humanos y la memoria colectiva&#8221;, asegur\u00f3.<\/p>\n\n\n\n<p>Al respecto, el subsecretario de Derechos Humanos, Poblaci\u00f3n y Migraci\u00f3n del Gobierno de M\u00e9xico, Alejandro Encinas Rodr\u00edguez, dijo que se encuentran impulsando un centro de memoria de la Ciudad de M\u00e9xico que permita rescatar y digitalizar archivos para crear un museo de archivo de la fotograf\u00eda de los a\u00f1os de tortura en Tlaxcoaque.<\/p>\n\n\n\n<p>&#8220;Esperamos que con la colaboraci\u00f3n del Gobierno de la Ciudad pronto tengamos una ley de Memoria de la Ciudad de M\u00e9xico que nos permita ir consolidando un proyecto a nivel nacional para tener los instrumentos institucionales para que estas tareas se puedan consolidarse, y 54 a\u00f1os despu\u00e9s volvemos a decir 2 de octubre no se olvida es de lucha combativa y tenemos esa deuda pendiente con los estudiantes y trabajadores campesinos que fueron objetivo de la represi\u00f3n&#8221;.<\/p>\n","protected":false},"excerpt":{"rendered":"<p>Al renombrar la Plaza Tlaxcoaque como Tlaxcoaque Plaza de la Memoria para recordar los terribles actos de tortura que ocurrieron en el ex edificio de la Direcci\u00f3n General de Polic\u00eda y Tr\u00e1nsito, la Jefa de Gobierno de la Ciudad de M\u00e9xico, Claudia Sheinbaum, inform\u00f3 que enviar\u00e1 al Congreso local una iniciativa como proyecto de decreto [&hellip;]<\/p>\n","protected":false},"author":81,"featured_media":232250,"comment_status":"closed","ping_status":"closed","sticky":false,"template":"","format":"standard","meta":{"footnotes":""},"categories":[36,2160],"tags":[],"class_list":["post-232249","post","type-post","status-publish","format-standard","has-post-thumbnail","hentry","category-nacion","category-noticias-de-la-ciudad-de-mexico"],"_links":{"self":[{"href":"https:\/\/plazajuarez.mx\/historico\/wp-json\/wp\/v2\/posts\/232249","targetHints":{"allow":["GET"]}}],"collection":[{"href":"https:\/\/plazajuarez.mx\/historico\/wp-json\/wp\/v2\/posts"}],"about":[{"href":"https:\/\/plazajuarez.mx\/historico\/wp-json\/wp\/v2\/types\/post"}],"author":[{"embeddable":true,"href":"https:\/\/plazajuarez.mx\/historico\/wp-json\/wp\/v2\/users\/81"}],"replies":[{"embeddable":true,"href":"https:\/\/plazajuarez.mx\/historico\/wp-json\/wp\/v2\/comments?post=232249"}],"version-history":[{"count":0,"href":"https:\/\/plazajuarez.mx\/historico\/wp-json\/wp\/v2\/posts\/232249\/revisions"}],"wp:featuredmedia":[{"embeddable":true,"href":"https:\/\/plazajuarez.mx\/historico\/wp-json\/wp\/v2\/media\/232250"}],"wp:attachment":[{"href":"https:\/\/plazajuarez.mx\/historico\/wp-json\/wp\/v2\/media?parent=232249"}],"wp:term":[{"taxonomy":"category","embeddable":true,"href":"https:\/\/plazajuarez.mx\/historico\/wp-json\/wp\/v2\/categories?post=232249"},{"taxonomy":"post_tag","embeddable":true,"href":"https:\/\/plazajuarez.mx\/historico\/wp-json\/wp\/v2\/tags?post=232249"}],"curies":[{"name":"wp","href":"https:\/\/api.w.org\/{rel}","templated":true}]}}