{"id":232243,"date":"2022-10-02T12:16:54","date_gmt":"2022-10-02T17:16:54","guid":{"rendered":"https:\/\/plazajuarez.mx\/?p=232243"},"modified":"2022-10-02T12:17:01","modified_gmt":"2022-10-02T17:17:01","slug":"amlo_oaxaca","status":"publish","type":"post","link":"https:\/\/plazajuarez.mx\/historico\/amlo_oaxaca\/","title":{"rendered":"Ahora le toc\u00f3 a AMLO; le avientan un Dr. Simi en su visita a Oaxaca"},"content":{"rendered":"\n<p> La moda de aventar mu\u00f1ecos del Doctor Simi, ya lleg\u00f3 hasta el presidente Andr\u00e9s Manuel L\u00f3pez Obrador.<\/p>\n\n\n\n<p>Esta ma\u00f1ana de domingo, al llegar al municipio de Mitla, en Oaxaca, el jefe del Ejecutivo federal fue recibido por docenas de personas quienes le entregaron peticiones de ayuda, botellas de mezcal, panes tradicionales, y camisas bordadas.<\/p>\n\n\n\n<p>Sin embargo, destac\u00f3 que al momento de saludar a los pobladores, j\u00f3venes de esta comunidad le entregaron un par de estos populares mu\u00f1ecos, pero tambi\u00e9n, y c\u00f3mo ha ocurrido con cantantes, le aventaron uno de ellos.<\/p>\n\n\n\n<p>Con una sonrisa, el Mandatario federal recibi\u00f3 los populares mu\u00f1ecos y sigui\u00f3 su camino, acompa\u00f1ado por el gobernador de Oaxaca, Alejandro Murat (PRI), para encabezar la inauguraci\u00f3n de una sucursal del Banco del Bienestar en este municipio.<\/p>\n","protected":false},"excerpt":{"rendered":"<p>La moda de aventar mu\u00f1ecos del Doctor Simi, ya lleg\u00f3 hasta el presidente Andr\u00e9s Manuel L\u00f3pez Obrador. Esta ma\u00f1ana de domingo, al llegar al municipio de Mitla, en Oaxaca, el jefe del Ejecutivo federal fue recibido por docenas de personas quienes le entregaron peticiones de ayuda, botellas de mezcal, panes tradicionales, y camisas bordadas. Sin [&hellip;]<\/p>\n","protected":false},"author":81,"featured_media":232244,"comment_status":"closed","ping_status":"closed","sticky":false,"template":"","format":"standard","meta":{"footnotes":""},"categories":[36],"tags":[],"class_list":["post-232243","post","type-post","status-publish","format-standard","has-post-thumbnail","hentry","category-nacion"],"_links":{"self":[{"href":"https:\/\/plazajuarez.mx\/historico\/wp-json\/wp\/v2\/posts\/232243","targetHints":{"allow":["GET"]}}],"collection":[{"href":"https:\/\/plazajuarez.mx\/historico\/wp-json\/wp\/v2\/posts"}],"about":[{"href":"https:\/\/plazajuarez.mx\/historico\/wp-json\/wp\/v2\/types\/post"}],"author":[{"embeddable":true,"href":"https:\/\/plazajuarez.mx\/historico\/wp-json\/wp\/v2\/users\/81"}],"replies":[{"embeddable":true,"href":"https:\/\/plazajuarez.mx\/historico\/wp-json\/wp\/v2\/comments?post=232243"}],"version-history":[{"count":0,"href":"https:\/\/plazajuarez.mx\/historico\/wp-json\/wp\/v2\/posts\/232243\/revisions"}],"wp:featuredmedia":[{"embeddable":true,"href":"https:\/\/plazajuarez.mx\/historico\/wp-json\/wp\/v2\/media\/232244"}],"wp:attachment":[{"href":"https:\/\/plazajuarez.mx\/historico\/wp-json\/wp\/v2\/media?parent=232243"}],"wp:term":[{"taxonomy":"category","embeddable":true,"href":"https:\/\/plazajuarez.mx\/historico\/wp-json\/wp\/v2\/categories?post=232243"},{"taxonomy":"post_tag","embeddable":true,"href":"https:\/\/plazajuarez.mx\/historico\/wp-json\/wp\/v2\/tags?post=232243"}],"curies":[{"name":"wp","href":"https:\/\/api.w.org\/{rel}","templated":true}]}}