{"id":232001,"date":"2022-09-29T14:23:59","date_gmt":"2022-09-29T19:23:59","guid":{"rendered":"https:\/\/plazajuarez.mx\/?p=232001"},"modified":"2022-09-29T14:24:05","modified_gmt":"2022-09-29T19:24:05","slug":"metro_lb","status":"publish","type":"post","link":"https:\/\/plazajuarez.mx\/historico\/metro_lb\/","title":{"rendered":"Tren del Metro de la LB no se detiene durante 12 estaciones"},"content":{"rendered":"\n<p> Hace apenas una semana, la L\u00ednea B del Metro tuvo un cortocircuito que gener\u00f3 la falla de un tren y ahora, hay nuevas quejas de ese transporte p\u00fablico.<\/p>\n\n\n\n<p>La L\u00ednea B del Metro va de Buenavista a Ciudad Azteca y abarca 21 estaciones de recorrido en total.<\/p>\n\n\n\n<p>Sin embargo, usuarios denunciaron que el conductor de un tren no se detuvo en 12 estaciones, e incluso subieron videos.<\/p>\n\n\n\n<p>Supuestamente, la situaci\u00f3n inici\u00f3 en la estaci\u00f3n Villa de Arag\u00f3n.<\/p>\n\n\n\n<p>Por su parte, el Metro a\u00fan no se\u00f1alado qu\u00e9 ocurri\u00f3 a pesar de que los videos son de hace dos d\u00edas.<\/p>\n","protected":false},"excerpt":{"rendered":"<p>Hace apenas una semana, la L\u00ednea B del Metro tuvo un cortocircuito que gener\u00f3 la falla de un tren y ahora, hay nuevas quejas de ese transporte p\u00fablico. La L\u00ednea B del Metro va de Buenavista a Ciudad Azteca y abarca 21 estaciones de recorrido en total. Sin embargo, usuarios denunciaron que el conductor de [&hellip;]<\/p>\n","protected":false},"author":81,"featured_media":232002,"comment_status":"closed","ping_status":"closed","sticky":false,"template":"","format":"standard","meta":{"footnotes":""},"categories":[36,2160],"tags":[],"class_list":["post-232001","post","type-post","status-publish","format-standard","has-post-thumbnail","hentry","category-nacion","category-noticias-de-la-ciudad-de-mexico"],"_links":{"self":[{"href":"https:\/\/plazajuarez.mx\/historico\/wp-json\/wp\/v2\/posts\/232001","targetHints":{"allow":["GET"]}}],"collection":[{"href":"https:\/\/plazajuarez.mx\/historico\/wp-json\/wp\/v2\/posts"}],"about":[{"href":"https:\/\/plazajuarez.mx\/historico\/wp-json\/wp\/v2\/types\/post"}],"author":[{"embeddable":true,"href":"https:\/\/plazajuarez.mx\/historico\/wp-json\/wp\/v2\/users\/81"}],"replies":[{"embeddable":true,"href":"https:\/\/plazajuarez.mx\/historico\/wp-json\/wp\/v2\/comments?post=232001"}],"version-history":[{"count":0,"href":"https:\/\/plazajuarez.mx\/historico\/wp-json\/wp\/v2\/posts\/232001\/revisions"}],"wp:featuredmedia":[{"embeddable":true,"href":"https:\/\/plazajuarez.mx\/historico\/wp-json\/wp\/v2\/media\/232002"}],"wp:attachment":[{"href":"https:\/\/plazajuarez.mx\/historico\/wp-json\/wp\/v2\/media?parent=232001"}],"wp:term":[{"taxonomy":"category","embeddable":true,"href":"https:\/\/plazajuarez.mx\/historico\/wp-json\/wp\/v2\/categories?post=232001"},{"taxonomy":"post_tag","embeddable":true,"href":"https:\/\/plazajuarez.mx\/historico\/wp-json\/wp\/v2\/tags?post=232001"}],"curies":[{"name":"wp","href":"https:\/\/api.w.org\/{rel}","templated":true}]}}