{"id":231998,"date":"2022-09-29T14:08:28","date_gmt":"2022-09-29T19:08:28","guid":{"rendered":"https:\/\/plazajuarez.mx\/?p=231998"},"modified":"2022-09-29T14:08:34","modified_gmt":"2022-09-29T19:08:34","slug":"banxico_aplica","status":"publish","type":"post","link":"https:\/\/plazajuarez.mx\/historico\/banxico_aplica\/","title":{"rendered":"Banxico aplica otra alza de 75 puntos y lleva la tasa a 9.25%"},"content":{"rendered":"\n<p>El Banco de M\u00e9xico (Banxico) subi\u00f3 su tasa de referencia en 75 puntos base, con lo que la ubica en 9.25%, el m\u00e1s alto desde 2008, ante la elevada inflaci\u00f3n que continua en el pa\u00eds.<\/p>\n\n\n\n<p>Con ello, es la tercera vez consecutiva que aplica una dosis de 75 puntos base en lo que va del a\u00f1o. En esta ocasi\u00f3n, la Junta de Gobierno decidi\u00f3 que se incrementara de 8.50% a 9.25%.<\/p>\n\n\n\n<p>Dicho aumento ya era descontado por los analistas y el mercado, dado el efecto &#8220;espejo&#8221; al seguir los pasos de la Reserva Federal de Estados Unidos que en su pasada reuni\u00f3n de pol\u00edtica monetaria del 21 de septiembre aprob\u00f3 un incremento de la misma magnitud para su tasa de referencia que se ubica ahora en un rango objetivo de 3%-3.25%, el m\u00e1s elevado desde la crisis mundial en 2008.<\/p>\n\n\n\n<p>Adem\u00e1s, la decisi\u00f3n se da en un entorno en el que la inflaci\u00f3n volvi\u00f3 a repuntar.<\/p>\n\n\n\n<p>En la primera quincena de septiembre de 2022, el \u00cdndice Nacional de Precios al Consumidor (INPC) aument\u00f3 0.41 % respecto a la quincena anterior. Con este resultado, la inflaci\u00f3n general anual se ubic\u00f3 en 8.76%.<\/p>\n\n\n\n<p>Banxico espera que la inflaci\u00f3n toque su pico en septiembre del presente a\u00f1o para ir descendiendo hasta lograr converger hacia su meta de 3% en el primer trimestre de 2024.<\/p>\n\n\n\n<p>OTROS BANCOS CENTRALES<\/p>\n\n\n\n<p>El pasado 7 de septiembre el Banco Central de Chile sorprendi\u00f3 con un incremento de 100 puntos, con lo cual su tasa de pol\u00edtica monetaria se ubic\u00f3 en 10.75%, su m\u00e1xima en las \u00faltimas dos d\u00e9cadas.<\/p>\n\n\n\n<p>Por su parte, el Banco Central de Inglaterra aprob\u00f3 el 22 de septiembre un alza de medio punto que fue menor a la que esperaban los analistas, para quedar su tasa en 2.25%, y avis\u00f3 que espera una contracci\u00f3n de su econom\u00eda durante el tercer trimestre.<\/p>\n","protected":false},"excerpt":{"rendered":"<p>El Banco de M\u00e9xico (Banxico) subi\u00f3 su tasa de referencia en 75 puntos base, con lo que la ubica en 9.25%, el m\u00e1s alto desde 2008, ante la elevada inflaci\u00f3n que continua en el pa\u00eds. Con ello, es la tercera vez consecutiva que aplica una dosis de 75 puntos base en lo que va del [&hellip;]<\/p>\n","protected":false},"author":81,"featured_media":231999,"comment_status":"closed","ping_status":"closed","sticky":false,"template":"","format":"standard","meta":{"footnotes":""},"categories":[15,36],"tags":[],"class_list":["post-231998","post","type-post","status-publish","format-standard","has-post-thumbnail","hentry","category-destacadas","category-nacion"],"_links":{"self":[{"href":"https:\/\/plazajuarez.mx\/historico\/wp-json\/wp\/v2\/posts\/231998","targetHints":{"allow":["GET"]}}],"collection":[{"href":"https:\/\/plazajuarez.mx\/historico\/wp-json\/wp\/v2\/posts"}],"about":[{"href":"https:\/\/plazajuarez.mx\/historico\/wp-json\/wp\/v2\/types\/post"}],"author":[{"embeddable":true,"href":"https:\/\/plazajuarez.mx\/historico\/wp-json\/wp\/v2\/users\/81"}],"replies":[{"embeddable":true,"href":"https:\/\/plazajuarez.mx\/historico\/wp-json\/wp\/v2\/comments?post=231998"}],"version-history":[{"count":0,"href":"https:\/\/plazajuarez.mx\/historico\/wp-json\/wp\/v2\/posts\/231998\/revisions"}],"wp:featuredmedia":[{"embeddable":true,"href":"https:\/\/plazajuarez.mx\/historico\/wp-json\/wp\/v2\/media\/231999"}],"wp:attachment":[{"href":"https:\/\/plazajuarez.mx\/historico\/wp-json\/wp\/v2\/media?parent=231998"}],"wp:term":[{"taxonomy":"category","embeddable":true,"href":"https:\/\/plazajuarez.mx\/historico\/wp-json\/wp\/v2\/categories?post=231998"},{"taxonomy":"post_tag","embeddable":true,"href":"https:\/\/plazajuarez.mx\/historico\/wp-json\/wp\/v2\/tags?post=231998"}],"curies":[{"name":"wp","href":"https:\/\/api.w.org\/{rel}","templated":true}]}}