{"id":231985,"date":"2022-09-29T13:30:09","date_gmt":"2022-09-29T18:30:09","guid":{"rendered":"https:\/\/plazajuarez.mx\/?p=231985"},"modified":"2022-09-29T13:30:14","modified_gmt":"2022-09-29T18:30:14","slug":"normalistas_2014","status":"publish","type":"post","link":"https:\/\/plazajuarez.mx\/historico\/normalistas_2014\/","title":{"rendered":"Normalistas estuvieron vivos hasta el 4 de octubre de 2014: GIEI"},"content":{"rendered":"\n<p>Algunos normalistas desaparecidos en Iguala, Guerrero, entre el 26 y 27 de septiembre de 2014, estuvieron vivos hasta el 4 de octubre de ese a\u00f1o, expres\u00f3 Carlos Beristain, integrante del Grupo Interdisciplinario de Expertos Independientes (GIEI).<\/p>\n\n\n\n<p>Tambi\u00e9n se\u00f1al\u00f3 que desde el 12 de octubre de 2014, el Ej\u00e9rcito tuvo conocimiento del lugar del Basurero de Cocula.<\/p>\n\n\n\n<p>En su intervenci\u00f3n Claudia Paz y Paz manifest\u00f3 que se ha documentado el trasiego de hero\u00edna en autobuses desde iguala a Illinois, Chicago.<\/p>\n\n\n\n<p>&#8220;Esto ayuda a entender el escenario en el que ocurrieron los d\u00edas 26 y 27 de septiembre de 2014&#8221;.<\/p>\n\n\n\n<p>Abund\u00f3 que tambi\u00e9n hay evidencia en diversas conversaciones de comunicaci\u00f3n y actividades conjuntas entre grupos delictivos y militares, detall\u00f3 que hay referencias a jales, comidas, tenientes, entre otros.<\/p>\n\n\n\n<p>&#8220;Hay conversaciones que refieren la relaci\u00f3n entre personas de Guerreros Unidos y Marina, Semefo, diversos alcaldes, C4, polic\u00edas de varias instituciones y regiones. En s\u00edntesis hay una relaci\u00f3n cercana entre criminales y autoridades. Hay acciones coordinadas entre ellos&#8221;, expres\u00f3 en conferencia de prensa.<\/p>\n","protected":false},"excerpt":{"rendered":"<p>Algunos normalistas desaparecidos en Iguala, Guerrero, entre el 26 y 27 de septiembre de 2014, estuvieron vivos hasta el 4 de octubre de ese a\u00f1o, expres\u00f3 Carlos Beristain, integrante del Grupo Interdisciplinario de Expertos Independientes (GIEI). Tambi\u00e9n se\u00f1al\u00f3 que desde el 12 de octubre de 2014, el Ej\u00e9rcito tuvo conocimiento del lugar del Basurero de [&hellip;]<\/p>\n","protected":false},"author":81,"featured_media":231986,"comment_status":"closed","ping_status":"closed","sticky":false,"template":"","format":"standard","meta":{"footnotes":""},"categories":[36],"tags":[],"class_list":["post-231985","post","type-post","status-publish","format-standard","has-post-thumbnail","hentry","category-nacion"],"_links":{"self":[{"href":"https:\/\/plazajuarez.mx\/historico\/wp-json\/wp\/v2\/posts\/231985","targetHints":{"allow":["GET"]}}],"collection":[{"href":"https:\/\/plazajuarez.mx\/historico\/wp-json\/wp\/v2\/posts"}],"about":[{"href":"https:\/\/plazajuarez.mx\/historico\/wp-json\/wp\/v2\/types\/post"}],"author":[{"embeddable":true,"href":"https:\/\/plazajuarez.mx\/historico\/wp-json\/wp\/v2\/users\/81"}],"replies":[{"embeddable":true,"href":"https:\/\/plazajuarez.mx\/historico\/wp-json\/wp\/v2\/comments?post=231985"}],"version-history":[{"count":0,"href":"https:\/\/plazajuarez.mx\/historico\/wp-json\/wp\/v2\/posts\/231985\/revisions"}],"wp:featuredmedia":[{"embeddable":true,"href":"https:\/\/plazajuarez.mx\/historico\/wp-json\/wp\/v2\/media\/231986"}],"wp:attachment":[{"href":"https:\/\/plazajuarez.mx\/historico\/wp-json\/wp\/v2\/media?parent=231985"}],"wp:term":[{"taxonomy":"category","embeddable":true,"href":"https:\/\/plazajuarez.mx\/historico\/wp-json\/wp\/v2\/categories?post=231985"},{"taxonomy":"post_tag","embeddable":true,"href":"https:\/\/plazajuarez.mx\/historico\/wp-json\/wp\/v2\/tags?post=231985"}],"curies":[{"name":"wp","href":"https:\/\/api.w.org\/{rel}","templated":true}]}}