{"id":231983,"date":"2022-09-29T13:21:07","date_gmt":"2022-09-29T18:21:07","guid":{"rendered":"https:\/\/plazajuarez.mx\/?p=231983"},"modified":"2022-09-29T13:21:12","modified_gmt":"2022-09-29T18:21:12","slug":"checo_perez-23","status":"publish","type":"post","link":"https:\/\/plazajuarez.mx\/historico\/checo_perez-23\/","title":{"rendered":"&#8220;Checo&#8221; P\u00e9rez tendr\u00e1 su propia serie; ve cu\u00e1ndo se estrena"},"content":{"rendered":"\n<p> La popularidad de Sergio P\u00e9rez ha incrementado gracias al protagonismo que tom\u00f3 desde su llegada a Red Bull, es por eso que el piloto mexicano protagonizar\u00e1 su propia serie documental sobre sus \u00faltimas carreras de la actual temporada de la F\u00f3rmula 1.<\/p>\n\n\n\n<p>El rodaje de los episodios comenzar\u00e1 este fin de semana en el Gran Premio de Singapur. El contenido tendr\u00e1 solamente cuatro episodios en los que mostrar\u00e1n la preparaci\u00f3n del piloto jalisciense con Red Bull y las carreras de Singapur, Jap\u00f3n, Brasil y as\u00ed cerrar con \u2018broche de oro\u2019 en el Gran Premio de M\u00e9xico.<\/p>\n\n\n\n<p>La plataforma en la que estar\u00e1 la serie de &#8220;Checo&#8221; P\u00e9rez ser\u00e1 Star+ y se estrenar\u00e1 el pr\u00f3ximo 4 de noviembre.<\/p>\n","protected":false},"excerpt":{"rendered":"<p>La popularidad de Sergio P\u00e9rez ha incrementado gracias al protagonismo que tom\u00f3 desde su llegada a Red Bull, es por eso que el piloto mexicano protagonizar\u00e1 su propia serie documental sobre sus \u00faltimas carreras de la actual temporada de la F\u00f3rmula 1. El rodaje de los episodios comenzar\u00e1 este fin de semana en el Gran [&hellip;]<\/p>\n","protected":false},"author":81,"featured_media":222956,"comment_status":"closed","ping_status":"closed","sticky":false,"template":"","format":"standard","meta":{"footnotes":""},"categories":[39],"tags":[],"class_list":["post-231983","post","type-post","status-publish","format-standard","has-post-thumbnail","hentry","category-deportiva"],"_links":{"self":[{"href":"https:\/\/plazajuarez.mx\/historico\/wp-json\/wp\/v2\/posts\/231983","targetHints":{"allow":["GET"]}}],"collection":[{"href":"https:\/\/plazajuarez.mx\/historico\/wp-json\/wp\/v2\/posts"}],"about":[{"href":"https:\/\/plazajuarez.mx\/historico\/wp-json\/wp\/v2\/types\/post"}],"author":[{"embeddable":true,"href":"https:\/\/plazajuarez.mx\/historico\/wp-json\/wp\/v2\/users\/81"}],"replies":[{"embeddable":true,"href":"https:\/\/plazajuarez.mx\/historico\/wp-json\/wp\/v2\/comments?post=231983"}],"version-history":[{"count":0,"href":"https:\/\/plazajuarez.mx\/historico\/wp-json\/wp\/v2\/posts\/231983\/revisions"}],"wp:featuredmedia":[{"embeddable":true,"href":"https:\/\/plazajuarez.mx\/historico\/wp-json\/wp\/v2\/media\/222956"}],"wp:attachment":[{"href":"https:\/\/plazajuarez.mx\/historico\/wp-json\/wp\/v2\/media?parent=231983"}],"wp:term":[{"taxonomy":"category","embeddable":true,"href":"https:\/\/plazajuarez.mx\/historico\/wp-json\/wp\/v2\/categories?post=231983"},{"taxonomy":"post_tag","embeddable":true,"href":"https:\/\/plazajuarez.mx\/historico\/wp-json\/wp\/v2\/tags?post=231983"}],"curies":[{"name":"wp","href":"https:\/\/api.w.org\/{rel}","templated":true}]}}