{"id":231980,"date":"2022-09-29T12:46:21","date_gmt":"2022-09-29T17:46:21","guid":{"rendered":"https:\/\/plazajuarez.mx\/?p=231980"},"modified":"2022-09-29T12:46:26","modified_gmt":"2022-09-29T17:46:26","slug":"murillo-ayotzinapa","status":"publish","type":"post","link":"https:\/\/plazajuarez.mx\/historico\/murillo-ayotzinapa\/","title":{"rendered":"AMLO pide a Murillo Karam hablar sobre Ayotzinapa"},"content":{"rendered":"\n<p>El presidente Andr\u00e9s Manuel L\u00f3pez Obrador pidi\u00f3 al exprocurador Jes\u00fas Murillo Karam que hable y diga si le dieron instrucciones sobre la desaparici\u00f3n de los 43 normalistas de Ayotzinapa.<br><br>&#8220;Claro, todos el mismo Procurador, (puede decir qui\u00e9n les orden\u00f3). Los que est\u00e1n detenidos tienen derecho a la defensa y pueden hablar todos, porque no Pe\u00f1a que acompa\u00f1e a Murillo, que hable y que diga si le dieron instrucciones, porque en el documento no aparece como responsable Pe\u00f1a, aparece Murillo&#8221;.<br><br>En conferencia de prensa, al ser cuestionado sobre el reclamo del GIEI que pidi\u00f3 al entonces secretario de la Defensa Salvador Cienfuegos acceso al 27 Batall\u00f3n de Infanter\u00eda de Iguala, donde fueron llevados algunos normalistas, el Presidente dijo que eso no le correspond\u00eda al mando castrense sino a la autoridad civil.<br><br>&#8220;Si a esa vamos es lo mismo de ahora, yo di la orden porque yo soy el responsable, no es un asunto del general Cienfuegos es un asunto de una autoridad civil, quien es el comandante supremo de las Fuerzas Armadas, no, eso m\u00ednimo fue un error&#8221;.<br><br>El mandatario critic\u00f3 que se quiso ocultar una realidad. &#8220;Lamento, lo primero es lo que duele un crimen de esta magnitud, por los padres, pero c\u00f3mo meter a las instituciones en un conflicto de esta naturaleza, porque debilitar al Estado, a una instituci\u00f3n como la Sedena, qu\u00e9 no se pudo al d\u00eda siguiente o a la semana decir fue as\u00ed por qu\u00e9 enga\u00f1ar.<br><br>&#8220;La \u00fanica explicaci\u00f3n es que dijeron es que no podemos meter a elementos del Ej\u00e9rcito porque est\u00e1 de por medio la instituci\u00f3n y usaron eso y lo otro la impunidad, el pensar no va a pasar nada, que va a suceder, quien va a reclamar por estos j\u00f3venes revoltosos, por el clasismo, el desprecio&#8221;.<br><br>&#8220;Cuando fue creciendo el problema, dijeron, ahora como le hacemos fabricaron un delito y toda una historia y tortura, una serie de barbaridades y luego decir que fueron quemados y ya se cerr\u00f3 el expediente&#8221;.<\/p>\n","protected":false},"excerpt":{"rendered":"<p>El presidente Andr\u00e9s Manuel L\u00f3pez Obrador pidi\u00f3 al exprocurador Jes\u00fas Murillo Karam que hable y diga si le dieron instrucciones sobre la desaparici\u00f3n de los 43 normalistas de Ayotzinapa. &#8220;Claro, todos el mismo Procurador, (puede decir qui\u00e9n les orden\u00f3). Los que est\u00e1n detenidos tienen derecho a la defensa y pueden hablar todos, porque no Pe\u00f1a [&hellip;]<\/p>\n","protected":false},"author":81,"featured_media":231981,"comment_status":"closed","ping_status":"closed","sticky":false,"template":"","format":"standard","meta":{"footnotes":""},"categories":[15,36],"tags":[],"class_list":["post-231980","post","type-post","status-publish","format-standard","has-post-thumbnail","hentry","category-destacadas","category-nacion"],"_links":{"self":[{"href":"https:\/\/plazajuarez.mx\/historico\/wp-json\/wp\/v2\/posts\/231980","targetHints":{"allow":["GET"]}}],"collection":[{"href":"https:\/\/plazajuarez.mx\/historico\/wp-json\/wp\/v2\/posts"}],"about":[{"href":"https:\/\/plazajuarez.mx\/historico\/wp-json\/wp\/v2\/types\/post"}],"author":[{"embeddable":true,"href":"https:\/\/plazajuarez.mx\/historico\/wp-json\/wp\/v2\/users\/81"}],"replies":[{"embeddable":true,"href":"https:\/\/plazajuarez.mx\/historico\/wp-json\/wp\/v2\/comments?post=231980"}],"version-history":[{"count":0,"href":"https:\/\/plazajuarez.mx\/historico\/wp-json\/wp\/v2\/posts\/231980\/revisions"}],"wp:featuredmedia":[{"embeddable":true,"href":"https:\/\/plazajuarez.mx\/historico\/wp-json\/wp\/v2\/media\/231981"}],"wp:attachment":[{"href":"https:\/\/plazajuarez.mx\/historico\/wp-json\/wp\/v2\/media?parent=231980"}],"wp:term":[{"taxonomy":"category","embeddable":true,"href":"https:\/\/plazajuarez.mx\/historico\/wp-json\/wp\/v2\/categories?post=231980"},{"taxonomy":"post_tag","embeddable":true,"href":"https:\/\/plazajuarez.mx\/historico\/wp-json\/wp\/v2\/tags?post=231980"}],"curies":[{"name":"wp","href":"https:\/\/api.w.org\/{rel}","templated":true}]}}