{"id":231977,"date":"2022-09-29T12:14:58","date_gmt":"2022-09-29T17:14:58","guid":{"rendered":"https:\/\/plazajuarez.mx\/?p=231977"},"modified":"2022-09-29T12:15:03","modified_gmt":"2022-09-29T17:15:03","slug":"horario-de-verano-diputados","status":"publish","type":"post","link":"https:\/\/plazajuarez.mx\/historico\/horario-de-verano-diputados\/","title":{"rendered":"Diputados eliminan Horario de Verano"},"content":{"rendered":"\n<p>El Pleno de la C\u00e1mara de Diputados, aprob\u00f3 por mayor\u00eda de 445 votos, la derogaci\u00f3n del Horario de Verano en M\u00e9xico, que de manera oficial entrar\u00e1 en vigor el 30 de octubre.<br><br>Durante la votaci\u00f3n hubo 33 abstenciones y ocho sufragios en contra por parte de algunos diputados del PRI y de MC, principalmente.<br><br>La iniciativa contempla una excepci\u00f3n para que los municipios que tienen frontera con Estados Unidos, una franja de unos 20 kil\u00f3metros, conserven el horario de verano a fin de no afectar el intercambio comercial.<br><br>Asimismo se agreg\u00f3 una reserva para que Chihuahua permanezca en la zona centro, es decir, meridiano 90.<br><br>Tambi\u00e9n se aval\u00f3 sustituir el t\u00e9rmino de zona fronteriza por el de &#8220;estados y municipios de la frontera norte&#8221;, as\u00ed como dejar delimitado qu\u00e9 municipios formaron parte del horario estacional en la frontera norte.<br><br>Adicionalmente, se estableci\u00f3 un cap\u00edtulo tercero, derivado de las modificaciones a los husos horarios a las entidades federativas y municipios, con el cual se regula el procedimiento para que los congresos locales puedan presentar iniciativas con proyecto de ley, a fin de reformar la ley de los husos horarios en los Estados Unidos mexicanos &#8220;si es que as\u00ed lo considera necesario, y que el Congreso de La Uni\u00f3n legisle en la materia&#8221;.<br><br>Al inicio del debate, el Presidente de la Comisi\u00f3n de Energ\u00eda, Manuel Rodr\u00edguez Gonz\u00e1lez, refiri\u00f3 que se ponder\u00f3 la salud de las personas, ya que el ahorro en energ\u00eda es \u00ednfimo, &#8220;apenas de centavos para los usuarios de energ\u00eda el\u00e9ctrica, frente los problemas de salud&#8221;.<br><br>&#8220;Desde 2013, debido al avance tecnol\u00f3gico que impact\u00f3 en la eficiencia energ\u00e9tica, el ahorro con motivo del Horario de Verano se va reduciendo de mil 347 gigawatts que alcanz\u00f3 en 2010, para el a\u00f1o pasado el ahorro representaba s\u00f3lo 537 gigawatts, ese ahorro represent\u00f3 0.16 por ciento del consumo nacional&#8221;, detall\u00f3.<br><br>Olga Luz Espinoza, del PRD, record\u00f3 que el pasado 5 de abril, su bancada present\u00f3 una iniciativa en la materia, por lo que adelant\u00f3 que votar\u00edan a favor.<br><br>&#8220;Esta iniciativa de ley es a favor principalmente de las ni\u00f1as y ni\u00f1os de este pa\u00eds, porque hay estudios que los m\u00e1s perjudicados son los menores, porque sufren trastornos de sue\u00f1o y tambi\u00e9n trastornos de alimentaci\u00f3n&#8221;, declar\u00f3.<br><br>Sergio Barrera Sep\u00falveda, de Movimiento Ciudadano, denunci\u00f3 que el debate se trata de una cortina de humo, toda vez que hay temas m\u00e1s relevantes para discutir.<br><br>&#8220;Votaremos en abstenci\u00f3n en se\u00f1al de desacuerdo porque no nos parece bien que esta reforma ocupe nuestro tiempo en una crisis econ\u00f3mica, social, y de seguridad. No seremos comparsa para esta farsa, creemos que el dictamen no amerita siquiera un posicionamiento&#8221;, indic\u00f3.<br><br>Gerardo Fern\u00e1ndez Noro\u00f1a, del PT, record\u00f3 tambi\u00e9n que \u00e9l propuso una iniciativa en la materia desde la pasada legislatura.<br><br>&#8220;La gente no quiere que se termine el entendido del horario de verano, sino la monstruosidad de estar cambiando seis meses el horario, los seres humanos no somos de hule, no somos m\u00e1quinas, y cada que se adelanta o se atrasa una hora, es un desajuste para el organismo&#8221;, expres\u00f3.<br><br>Del PRI, Blanca Mar\u00eda del Socorro Alcal\u00e1, consider\u00f3 que en su bancada &#8220;creemos que los beneficios o perjuicios de la iniciativa son diferenciados dependiendo de la entidad, y por ello tambi\u00e9n ser\u00e1 diferenciada nuestra votaci\u00f3n&#8221;.<br><br>Del PAN, la diputada Laura Contreras denunci\u00f3 que &#8220;la propuesta del Presidente se queda corta&#8221;, pero adelant\u00f3 que votar\u00eda a favor.<br><br>&#8220;En un principio propuso que se eliminara el horario en todo el pa\u00eds, solo exceptuando los municipios fronterizos, sin realizar un an\u00e1lisis serio para conocer el sentir de las personas en cada estado. Hay afectaciones econ\u00f3micas sociales y de seguridad, principalmente en pa\u00edses fronterizos, pese a ello, reconocemos que la iniciativa responde a un reclamo constante de la poblaci\u00f3n, por ello votaremos a favor, pero s\u00ed creemos que se debi\u00f3 profundizar en el an\u00e1lisis&#8221;, indic\u00f3.<br><br>El\u00edas Lixa, tambi\u00e9n del partido albiazul, celebr\u00f3 que se haya avalado una reserva para que cada estado o municipio decida su huso horario.<br><br>&#8220;Hay estados que tendr\u00e1n horario de verano permanente como Chihuahua o Quintana Roo, hay estados completos que cambiar\u00e1n su horario dos veces al a\u00f1o como Baja California, porque as\u00ed les conviene, y hay estados en donde incluso algunos de sus municipios van a tener horarios distintos, estamos abordando una soluci\u00f3n nacional desde la perspectiva de lo local, estamos haci\u00e9ndonos conscientes de que la realidad que se vive en nuestros estados es mucho m\u00e1s trascendente que la discusi\u00f3n que podamos tener aqu\u00ed para ver quien tiene la raz\u00f3n. Esta es una iniciativa que sin duda, de aprobarse tendr\u00e1 efectos positivos&#8221;, concluy\u00f3.<br><br>Tras ser aprobada, fue turnada a la C\u00e1mara de Senadores para su an\u00e1lisis y votaci\u00f3n.<br><br><strong>Municipios que s\u00ed aplicar\u00e1n el Horario de Verano<br><\/strong><br>El dictamen contempla una excepci\u00f3n para que los municipios que tienen frontera con Estados Unidos, una franja de unos 20 kil\u00f3metros, conserven el horario de verano a fin de no afectar el intercambio comercial.<br><br>El principal argumento para extinguir el horario estacional, es que no ha generado los ahorros energ\u00e9ticos que se esperaban, y por el contrario acrecent\u00f3 afectaciones sociales, culturales e incluso problemas de salud en la poblaci\u00f3n, c\u00f3mo dificultad en la conciliaci\u00f3n del sue\u00f1o, somnolencia diurna, y desequilibrios en el reloj biol\u00f3gico, entre otros.<br><br>Hasta ahora, en la c\u00e1mara baja hab\u00eda m\u00e1s de 40 Iniciativas en la materia, interpuestas desde hace m\u00e1s de un lustro, sin embargo, la propuesta avalada es la que impuls\u00f3 el Presidente Andr\u00e9s Manuel L\u00f3pez Obrador.<\/p>\n","protected":false},"excerpt":{"rendered":"<p>El Pleno de la C\u00e1mara de Diputados, aprob\u00f3 por mayor\u00eda de 445 votos, la derogaci\u00f3n del Horario de Verano en M\u00e9xico, que de manera oficial entrar\u00e1 en vigor el 30 de octubre. Durante la votaci\u00f3n hubo 33 abstenciones y ocho sufragios en contra por parte de algunos diputados del PRI y de MC, principalmente. La [&hellip;]<\/p>\n","protected":false},"author":81,"featured_media":231978,"comment_status":"closed","ping_status":"closed","sticky":false,"template":"","format":"standard","meta":{"footnotes":""},"categories":[15,36],"tags":[],"class_list":["post-231977","post","type-post","status-publish","format-standard","has-post-thumbnail","hentry","category-destacadas","category-nacion"],"_links":{"self":[{"href":"https:\/\/plazajuarez.mx\/historico\/wp-json\/wp\/v2\/posts\/231977","targetHints":{"allow":["GET"]}}],"collection":[{"href":"https:\/\/plazajuarez.mx\/historico\/wp-json\/wp\/v2\/posts"}],"about":[{"href":"https:\/\/plazajuarez.mx\/historico\/wp-json\/wp\/v2\/types\/post"}],"author":[{"embeddable":true,"href":"https:\/\/plazajuarez.mx\/historico\/wp-json\/wp\/v2\/users\/81"}],"replies":[{"embeddable":true,"href":"https:\/\/plazajuarez.mx\/historico\/wp-json\/wp\/v2\/comments?post=231977"}],"version-history":[{"count":0,"href":"https:\/\/plazajuarez.mx\/historico\/wp-json\/wp\/v2\/posts\/231977\/revisions"}],"wp:featuredmedia":[{"embeddable":true,"href":"https:\/\/plazajuarez.mx\/historico\/wp-json\/wp\/v2\/media\/231978"}],"wp:attachment":[{"href":"https:\/\/plazajuarez.mx\/historico\/wp-json\/wp\/v2\/media?parent=231977"}],"wp:term":[{"taxonomy":"category","embeddable":true,"href":"https:\/\/plazajuarez.mx\/historico\/wp-json\/wp\/v2\/categories?post=231977"},{"taxonomy":"post_tag","embeddable":true,"href":"https:\/\/plazajuarez.mx\/historico\/wp-json\/wp\/v2\/tags?post=231977"}],"curies":[{"name":"wp","href":"https:\/\/api.w.org\/{rel}","templated":true}]}}