{"id":231973,"date":"2022-09-29T12:11:30","date_gmt":"2022-09-29T17:11:30","guid":{"rendered":"https:\/\/plazajuarez.mx\/?p=231973"},"modified":"2022-09-29T12:11:50","modified_gmt":"2022-09-29T17:11:50","slug":"grupo-firme-zocalo","status":"publish","type":"post","link":"https:\/\/plazajuarez.mx\/historico\/grupo-firme-zocalo\/","title":{"rendered":"\u00bfCu\u00e1nto cobr\u00f3 Grupo Firme por presentarse en el Z\u00f3calo?"},"content":{"rendered":"\n<p>La presentaci\u00f3n del Grupo Firme, en la explanada de la Plaza de la Constituci\u00f3n, se volvi\u00f3 un verdadero hecho hist\u00f3rico en el pa\u00eds. Con r\u00e9cord de asistentes, la banda de regional mexicano lleg\u00f3 a superar la convocatoria de Vicente Fern\u00e1ndez en el Z\u00f3calo.<br><br>Adem\u00e1s, seg\u00fan algunas cifras reveladas, Grupo Firme tambi\u00e9n consigui\u00f3 superar las cifras de asistentes que han conseguido artistas de la talla de Shakira, Justin Bieber, Roger Waters y hasta el mism\u00edsimo Paul McCartney. Pero producir semejante evento tambi\u00e9n cost\u00f3 bastante billete.<\/p>\n\n\n\n<center><iframe loading=\"lazy\" width=\"560\" height=\"315\" src=\"https:\/\/www.youtube.com\/embed\/g2BzGJnNvEw\" title=\"YouTube video player\" frameborder=\"0\" allow=\"accelerometer; autoplay; clipboard-write; encrypted-media; gyroscope; picture-in-picture\" allowfullscreen><\/iframe><\/center>\n\n\n\n<p><br>\u00bf<strong>Cu\u00e1nto cobr\u00f3 Grupo Firme por su hist\u00f3rico recital en el Z\u00f3calo de CDMX?<br><\/strong><br>El Gobierno de la CDMX fue muy criticado por lo invertido en el recital de Grupo Firme. Tras la pol\u00e9mica que se instal\u00f3 la jefa de Gobierno de la capital, Claudia Sheinbaunm Pardo, debi\u00f3 salir a aclarar c\u00f3mo fueron las cosas en verdad. Seg\u00fan explic\u00f3 la funcionaria fue la agrupaci\u00f3n regional la que en definitiva &#8220;invirti\u00f3 en todo&#8221;.<br><br>&#8220;Grupo Firme pr\u00e1cticamente puso toda la inversi\u00f3n, la Ciudad de M\u00e9xico destin\u00f3 alrededor de 2.5 millones de pesos que ten\u00eda que ver con cuestiones de Protecci\u00f3n Civil, que es como el 2% de lo que realmente cost\u00f3 el concierto&#8221;, debieron detallar en una conferencia de prensa.<br><\/p>\n\n\n\n<center><iframe loading=\"lazy\" src=\"https:\/\/www.facebook.com\/plugins\/video.php?height=476&#038;href=https%3A%2F%2Fwww.facebook.com%2FGrupoFirmeOficial%2Fvideos%2F807980120616873%2F&#038;show_text=false&#038;width=476&#038;t=0\" width=\"476\" height=\"476\" style=\"border:none;overflow:hidden\" scrolling=\"no\" frameborder=\"0\" allowfullscreen=\"true\" allow=\"autoplay; clipboard-write; encrypted-media; picture-in-picture; web-share\" allowFullScreen=\"true\"><\/iframe><\/center>\n\n\n\n<p><br>&#8220;Muchas gracias a nuestros amigos de @GrupoFirme por este concierto gratuito en el Z\u00f3calo. El cual no tendr\u00e1 costo para el Gobierno de la Ciudad de M\u00e9xico. \u00a1Nos vemos el 25 de septiembre!&#8221;, informaba Claudia Sheinbaum v\u00eda Twitter al anunciar que se reanudaban los conciertos gratuitos tras la pandemia.<br><br>Sin embargo, hay gastos de montaje propios de un espect\u00e1culo que no se pueden obviar. En el caso de Grupo Firme suelen percibir cerca de 2.5 millones de pesos por presentaci\u00f3n, independientemente de los gastos de producci\u00f3n. Pero Jes\u00fas Ram\u00edrez Cuevas, vocero de presidencia, explic\u00f3 que la agrupaci\u00f3n sinaloense cobr\u00f3 &#8220;menos de lo habitual&#8221;.<\/p>\n","protected":false},"excerpt":{"rendered":"<p>La presentaci\u00f3n del Grupo Firme, en la explanada de la Plaza de la Constituci\u00f3n, se volvi\u00f3 un verdadero hecho hist\u00f3rico en el pa\u00eds. Con r\u00e9cord de asistentes, la banda de regional mexicano lleg\u00f3 a superar la convocatoria de Vicente Fern\u00e1ndez en el Z\u00f3calo. Adem\u00e1s, seg\u00fan algunas cifras reveladas, Grupo Firme tambi\u00e9n consigui\u00f3 superar las cifras [&hellip;]<\/p>\n","protected":false},"author":81,"featured_media":231974,"comment_status":"closed","ping_status":"closed","sticky":false,"template":"","format":"standard","meta":{"footnotes":""},"categories":[15,38,2166],"tags":[],"class_list":["post-231973","post","type-post","status-publish","format-standard","has-post-thumbnail","hentry","category-destacadas","category-show","category-viral"],"_links":{"self":[{"href":"https:\/\/plazajuarez.mx\/historico\/wp-json\/wp\/v2\/posts\/231973","targetHints":{"allow":["GET"]}}],"collection":[{"href":"https:\/\/plazajuarez.mx\/historico\/wp-json\/wp\/v2\/posts"}],"about":[{"href":"https:\/\/plazajuarez.mx\/historico\/wp-json\/wp\/v2\/types\/post"}],"author":[{"embeddable":true,"href":"https:\/\/plazajuarez.mx\/historico\/wp-json\/wp\/v2\/users\/81"}],"replies":[{"embeddable":true,"href":"https:\/\/plazajuarez.mx\/historico\/wp-json\/wp\/v2\/comments?post=231973"}],"version-history":[{"count":0,"href":"https:\/\/plazajuarez.mx\/historico\/wp-json\/wp\/v2\/posts\/231973\/revisions"}],"wp:featuredmedia":[{"embeddable":true,"href":"https:\/\/plazajuarez.mx\/historico\/wp-json\/wp\/v2\/media\/231974"}],"wp:attachment":[{"href":"https:\/\/plazajuarez.mx\/historico\/wp-json\/wp\/v2\/media?parent=231973"}],"wp:term":[{"taxonomy":"category","embeddable":true,"href":"https:\/\/plazajuarez.mx\/historico\/wp-json\/wp\/v2\/categories?post=231973"},{"taxonomy":"post_tag","embeddable":true,"href":"https:\/\/plazajuarez.mx\/historico\/wp-json\/wp\/v2\/tags?post=231973"}],"curies":[{"name":"wp","href":"https:\/\/api.w.org\/{rel}","templated":true}]}}