{"id":231914,"date":"2022-09-29T08:41:30","date_gmt":"2022-09-29T13:41:30","guid":{"rendered":"https:\/\/plazajuarez.mx\/?p=231914"},"modified":"2022-09-29T08:41:35","modified_gmt":"2022-09-29T13:41:35","slug":"vuelca-tractocamion-a-la-altura-del-tejocotal-no-hay-heridos","status":"publish","type":"post","link":"https:\/\/plazajuarez.mx\/historico\/vuelca-tractocamion-a-la-altura-del-tejocotal-no-hay-heridos\/","title":{"rendered":"Vuelca tractocami\u00f3n a la altura del Tejocotal; no hay heridos"},"content":{"rendered":"\n<p>Tulancingo de Bravo.- Un tractocami\u00f3n que transportaba combustible en doble semi remolque, volc\u00f3 la tarde de ayer sobre la carretera federal Tulancingo \u2013 Tihuatl\u00e1n, debido a que el conductor perdi\u00f3 el control de la pesada unidad, ante las inclemencias de un d\u00eda lluvioso en la regi\u00f3n.<\/p>\n\n\n\n<p>El hecho se registr\u00f3 en el kil\u00f3metro 112 + 100 del tramo carretero correspondiente a Tulancingo &#8211; Tejocotal, donde tomaron conocimiento elementos y unidades de Guardia Nacional, Polic\u00eda Estatal y Bomberos de Tulancingo.&nbsp;<\/p>\n\n\n\n<p>El hecho fue reportado a las autoridades de Seguridad P\u00fablica aproximadamente a las 12:50 horas, por lo que la movilizaci\u00f3n se gener\u00f3 de inmediato, solicitando el apoyo de Tulancingo con personal y unidades de Bomberos y Protecci\u00f3n Civil.<\/p>\n\n\n\n<p>Personal de Seguridad y V\u00edas de Comunicaci\u00f3n, realizaron abanderamiento y brindaron el apoyo al conductor de la Empresa Transporte Y Servicios S.T.N., S.A. DE C.V.<\/p>\n\n\n\n<p>La unidad involucrada fue una International color blanco, que jalaba dos semi remolques cargados con 81 mil litros de diesel; pero afortunadamente, no se present\u00f3 derrame del mismo tras el incidente.<\/p>\n","protected":false},"excerpt":{"rendered":"<p>Tulancingo de Bravo.- Un tractocami\u00f3n que transportaba combustible en doble semi remolque, volc\u00f3 la tarde de ayer sobre la carretera federal Tulancingo \u2013 Tihuatl\u00e1n, debido a que el conductor perdi\u00f3 el control de la pesada unidad, ante las inclemencias de un d\u00eda lluvioso en la regi\u00f3n. El hecho se registr\u00f3 en el kil\u00f3metro 112 + [&hellip;]<\/p>\n","protected":false},"author":93,"featured_media":231915,"comment_status":"closed","ping_status":"closed","sticky":false,"template":"","format":"standard","meta":{"footnotes":""},"categories":[2159,40],"tags":[],"class_list":["post-231914","post","type-post","status-publish","format-standard","has-post-thumbnail","hentry","category-noticias-de-hidalgo","category-region"],"_links":{"self":[{"href":"https:\/\/plazajuarez.mx\/historico\/wp-json\/wp\/v2\/posts\/231914","targetHints":{"allow":["GET"]}}],"collection":[{"href":"https:\/\/plazajuarez.mx\/historico\/wp-json\/wp\/v2\/posts"}],"about":[{"href":"https:\/\/plazajuarez.mx\/historico\/wp-json\/wp\/v2\/types\/post"}],"author":[{"embeddable":true,"href":"https:\/\/plazajuarez.mx\/historico\/wp-json\/wp\/v2\/users\/93"}],"replies":[{"embeddable":true,"href":"https:\/\/plazajuarez.mx\/historico\/wp-json\/wp\/v2\/comments?post=231914"}],"version-history":[{"count":0,"href":"https:\/\/plazajuarez.mx\/historico\/wp-json\/wp\/v2\/posts\/231914\/revisions"}],"wp:featuredmedia":[{"embeddable":true,"href":"https:\/\/plazajuarez.mx\/historico\/wp-json\/wp\/v2\/media\/231915"}],"wp:attachment":[{"href":"https:\/\/plazajuarez.mx\/historico\/wp-json\/wp\/v2\/media?parent=231914"}],"wp:term":[{"taxonomy":"category","embeddable":true,"href":"https:\/\/plazajuarez.mx\/historico\/wp-json\/wp\/v2\/categories?post=231914"},{"taxonomy":"post_tag","embeddable":true,"href":"https:\/\/plazajuarez.mx\/historico\/wp-json\/wp\/v2\/tags?post=231914"}],"curies":[{"name":"wp","href":"https:\/\/api.w.org\/{rel}","templated":true}]}}