{"id":231881,"date":"2022-09-29T08:24:26","date_gmt":"2022-09-29T13:24:26","guid":{"rendered":"https:\/\/plazajuarez.mx\/?p=231881"},"modified":"2022-09-29T08:24:32","modified_gmt":"2022-09-29T13:24:32","slug":"comienza-la-entrega-de-restos-a-familiares-de-victimas-en-accidente","status":"publish","type":"post","link":"https:\/\/plazajuarez.mx\/historico\/comienza-la-entrega-de-restos-a-familiares-de-victimas-en-accidente\/","title":{"rendered":"Comienza la entrega de restos a familiares de v\u00edctimas en accidente"},"content":{"rendered":"\n<p>Familiares de los fallecidos en el accidente del autob\u00fas originado el pasado 10 de septiembre sobre la carretera Victoria- Monterrey arribaron a Ciudad Victoria, Tamaulipas para recoger los restos de sus familiares y darles cristiana sepultura despu\u00e9s de m\u00e1s de diez d\u00edas de espera.<\/p>\n\n\n\n<p>Lo anterior, luego de haber sido notificados por la Fiscal\u00eda General de Justicia del estado de Tamaulipas quienes despu\u00e9s de una serie de estudios realizados por un equipo especializado en identificaci\u00f3n forense pudieron corroborar la identidad de 18 v\u00edctimas (5 mujeres y 13 hombres).<\/p>\n\n\n\n<p>A su vez, los restos fueron identificados como:<br>Apolinar \u201cS\u201d; Bonifacio \u201cT\u201d; Carlos Aldahir \u201cP\u201d; Carlos Fernando \u201cE\u201d; Carlos \u201cM\u201d; Celia \u201cH\u201d; Edy \u201cJ\u201d; Efr\u00e9n \u201cP\u201d; Enrique \u201cM\u201d; Erick \u201cG\u201d; Eusebia \u201cM\u201d; Jes\u00fas Roberto \u201cN\u201d; Josu\u00e9 Hern\u00e1ndez \u201cD\u201d; Juan Pedro \u201cH\u201d; Leovigildo \u201cE\u201d; Mar\u00eda Eleuteria \u201cH\u201d; Otilio \u201cS\u201d y Sofia \u201cH\u201d.<\/p>\n\n\n\n<p>Al respecto, la Fiscal\u00eda General de Justicia del Estado de Tamaulipas inform\u00f3 que por este hecho se encuentra vinculado a proceso Salom\u00f3n \u201cC\u201d por los delitos de Homicidio Culposo y Da\u00f1o en Propiedad, quien permanecer\u00e1 en prisi\u00f3n preventiva por el t\u00e9rmino de un a\u00f1o de acuerdo a lo establecido por la autoridad judicial.<\/p>\n","protected":false},"excerpt":{"rendered":"<p>Familiares de los fallecidos en el accidente del autob\u00fas originado el pasado 10 de septiembre sobre la carretera Victoria- Monterrey arribaron a Ciudad Victoria, Tamaulipas para recoger los restos de sus familiares y darles cristiana sepultura despu\u00e9s de m\u00e1s de diez d\u00edas de espera. Lo anterior, luego de haber sido notificados por la Fiscal\u00eda General [&hellip;]<\/p>\n","protected":false},"author":76,"featured_media":231882,"comment_status":"closed","ping_status":"closed","sticky":false,"template":"","format":"standard","meta":{"footnotes":""},"categories":[2159,40],"tags":[],"class_list":["post-231881","post","type-post","status-publish","format-standard","has-post-thumbnail","hentry","category-noticias-de-hidalgo","category-region"],"_links":{"self":[{"href":"https:\/\/plazajuarez.mx\/historico\/wp-json\/wp\/v2\/posts\/231881","targetHints":{"allow":["GET"]}}],"collection":[{"href":"https:\/\/plazajuarez.mx\/historico\/wp-json\/wp\/v2\/posts"}],"about":[{"href":"https:\/\/plazajuarez.mx\/historico\/wp-json\/wp\/v2\/types\/post"}],"author":[{"embeddable":true,"href":"https:\/\/plazajuarez.mx\/historico\/wp-json\/wp\/v2\/users\/76"}],"replies":[{"embeddable":true,"href":"https:\/\/plazajuarez.mx\/historico\/wp-json\/wp\/v2\/comments?post=231881"}],"version-history":[{"count":0,"href":"https:\/\/plazajuarez.mx\/historico\/wp-json\/wp\/v2\/posts\/231881\/revisions"}],"wp:featuredmedia":[{"embeddable":true,"href":"https:\/\/plazajuarez.mx\/historico\/wp-json\/wp\/v2\/media\/231882"}],"wp:attachment":[{"href":"https:\/\/plazajuarez.mx\/historico\/wp-json\/wp\/v2\/media?parent=231881"}],"wp:term":[{"taxonomy":"category","embeddable":true,"href":"https:\/\/plazajuarez.mx\/historico\/wp-json\/wp\/v2\/categories?post=231881"},{"taxonomy":"post_tag","embeddable":true,"href":"https:\/\/plazajuarez.mx\/historico\/wp-json\/wp\/v2\/tags?post=231881"}],"curies":[{"name":"wp","href":"https:\/\/api.w.org\/{rel}","templated":true}]}}