{"id":231725,"date":"2022-09-28T08:21:29","date_gmt":"2022-09-28T13:21:29","guid":{"rendered":"https:\/\/plazajuarez.mx\/?p=231725"},"modified":"2022-09-28T08:21:34","modified_gmt":"2022-09-28T13:21:34","slug":"el-pueblo-pretexto-de-vivos","status":"publish","type":"post","link":"https:\/\/plazajuarez.mx\/historico\/el-pueblo-pretexto-de-vivos\/","title":{"rendered":"\u201cEL PUEBLO\u201d, PRETEXTO DE VIVOS"},"content":{"rendered":"\n<h2 class=\"wp-block-heading\">ALFIL NEGRO<\/h2>\n\n\n\n<p>No hay pol\u00edtico que no utilice \u201cEL PUEBLO\u201d como la raz\u00f3n de sus pretensiones y aspiraciones de poder, porque dicen que todo su trabajo, su vida, sus desvelos, sus angustias, y sus sue\u00f1os son para que ese pueblo viva mejor, para que no sea pobre, para que tenga salud, educaci\u00f3n, seguridad, trabajo, en una palabra para que sea feliz por los logros y empe\u00f1o del pol\u00edtico en cuesti\u00f3n.<\/p>\n\n\n\n<p>Eso dicen casi siempre.<\/p>\n\n\n\n<p>No es que les atraiga el poder por los beneficios que ya en la pr\u00e1ctica se presentan, de ninguna, manera, lejos de ellos las pr\u00e1cticas de abusos ya con poder y menos de ser u\u00f1as largas con arreglos raros en que siempre salen beneficiados, y menos con pr\u00e1cticas en que misteriosamente sus parientes y familiares, as\u00ed como sus amigos y recomendados terminan en la n\u00f3mina de las oficinas que les toca dirigir cuando ganan.<\/p>\n\n\n\n<p>Siempre es por \u201cel pueblo\u201d, el conjunto de ciudadanos en determinado territorio con mandamientos que a todos rigen y con programas de acci\u00f3n y desarrollo que se suponen son para que mejoren las condiciones de vida del pueblo.<\/p>\n\n\n\n<p>Y en nombre de ese pueblo, al que desde luego se le llama SOBERANO, porque es el origen y base del poder, resumido en las frase de que \u201cel pueblo pone y el pueblo quita\u201d, como para dejar en claro que el poder real nace y es de la gente, del pueblo que es el que ordena, se deciden cosas aun por encima de la ley, siempre con la narrativa de que es el pueblo el que ordena, como se propone en una consulta para que las fuerzas armadas sigan hasta el 2028.<\/p>\n\n\n\n<p>Ser\u00e1 el pueblo el que decida con su opini\u00f3n, que desde ya y sin consulta, dir\u00e1 que est\u00e1 de acuerdo y que las fuerzas armadas deben seguir por el tiempo que decida el ciudadano de Palacio Nacional.<\/p>\n\n\n\n<p>EL PUEBLO, es un concepto muy choteado, porque en su nombre se deciden cosas que se quieren en el poder, se violenta la ley, se imponen criterios y medidas que tienen un solo origen que es el poder y que casi siempre se adjudican a la voluntad popular.<\/p>\n\n\n\n<p>En todo caso si de verdad es el pueblo la base del poder, lo menos que se debe hacer para respetar esta idea es fortalecer los organismos que con historia y resultados encarnan el derecho del pueblo para monitorear y evaluar el poder pol\u00edtico, con decisiones en que se premie al que lo haga bien y se castigue al que act\u00fae mal.<\/p>\n\n\n\n<p>S\u00f3lo as\u00ed tendr\u00e1 valor eso de \u201cel pueblo\u201d, que en la actualidad es un pretexto de vivos que en nombre de todos abusan y se benefician con el poder ,que una ya otra vez gritan que se los dio el pueblo con su voto.<\/p>\n\n\n\n<p>Se supone que es el pueblo la fuente del poder y por lo mismo nada deber\u00eda pasar en el ejercicio del poder sin la anuencia de la gente, pero ya en la realidad el pueblo no cuenta porque los que deciden tienen sus propias agenda y decisiones nacidas de sus compromisos y de sus ideolog\u00edas, sin que los organismos que se supone representan a la ciudadan\u00eda cuenten, porque el que tiene m\u00e1s saliva traga m\u00e1s pinole.<\/p>\n\n\n\n<p>El pueblo con su voto elige, se supone que en libertad, a quienes tendr\u00e1n el poder en sus manos y en esta elecci\u00f3n elige organismos que se deben encargar de ponerle l\u00edmites a las gentes del poder, con equilibrio de poderes para evitar la concentraci\u00f3n del poder en una sola persona por los peligros obvios que se presentan.<\/p>\n\n\n\n<p>Si el pueblo es de verdad la base de la soberan\u00eda, lo menos que se debe generar es el equilibrio de poderes por lo que significa de correcci\u00f3n o fortalecimiento de lo que decida el que manda.<\/p>\n\n\n\n<p>Cada quien tendr\u00e1 su opini\u00f3n de lo que est\u00e1 pasando en nuestro pa\u00eds en este momento en esto del ejercicio del poder y el pueblo al que todos lo invocan y muy pocos respetan.<\/p>\n\n\n\n<p>Todos dicen que el pueblo manda\u2026 pero muy pocos lo obedecen.<\/p>\n","protected":false},"excerpt":{"rendered":"<p>ALFIL NEGRO No hay pol\u00edtico que no utilice \u201cEL PUEBLO\u201d como la raz\u00f3n de sus pretensiones y aspiraciones de poder, porque dicen que todo su trabajo, su vida, sus desvelos, sus angustias, y sus sue\u00f1os son para que ese pueblo viva mejor, para que no sea pobre, para que tenga salud, educaci\u00f3n, seguridad, trabajo, en [&hellip;]<\/p>\n","protected":false},"author":83,"featured_media":208526,"comment_status":"closed","ping_status":"closed","sticky":false,"template":"","format":"standard","meta":{"footnotes":""},"categories":[48,42],"tags":[],"class_list":["post-231725","post","type-post","status-publish","format-standard","has-post-thumbnail","hentry","category-adalberto-peralta","category-nuestrapalabra"],"_links":{"self":[{"href":"https:\/\/plazajuarez.mx\/historico\/wp-json\/wp\/v2\/posts\/231725","targetHints":{"allow":["GET"]}}],"collection":[{"href":"https:\/\/plazajuarez.mx\/historico\/wp-json\/wp\/v2\/posts"}],"about":[{"href":"https:\/\/plazajuarez.mx\/historico\/wp-json\/wp\/v2\/types\/post"}],"author":[{"embeddable":true,"href":"https:\/\/plazajuarez.mx\/historico\/wp-json\/wp\/v2\/users\/83"}],"replies":[{"embeddable":true,"href":"https:\/\/plazajuarez.mx\/historico\/wp-json\/wp\/v2\/comments?post=231725"}],"version-history":[{"count":0,"href":"https:\/\/plazajuarez.mx\/historico\/wp-json\/wp\/v2\/posts\/231725\/revisions"}],"wp:featuredmedia":[{"embeddable":true,"href":"https:\/\/plazajuarez.mx\/historico\/wp-json\/wp\/v2\/media\/208526"}],"wp:attachment":[{"href":"https:\/\/plazajuarez.mx\/historico\/wp-json\/wp\/v2\/media?parent=231725"}],"wp:term":[{"taxonomy":"category","embeddable":true,"href":"https:\/\/plazajuarez.mx\/historico\/wp-json\/wp\/v2\/categories?post=231725"},{"taxonomy":"post_tag","embeddable":true,"href":"https:\/\/plazajuarez.mx\/historico\/wp-json\/wp\/v2\/tags?post=231725"}],"curies":[{"name":"wp","href":"https:\/\/api.w.org\/{rel}","templated":true}]}}